
{"id":118222,"date":"2024-07-29T10:04:37","date_gmt":"2024-07-29T13:04:37","guid":{"rendered":"https:\/\/www.sudoestehoje.com.br\/novoportal\/?p=118222"},"modified":"2024-07-29T10:04:37","modified_gmt":"2024-07-29T13:04:37","slug":"regiao-mulheres-podem-decidir-eleicoes-no-segundo-turno-em-vitoria-da-conquista","status":"publish","type":"post","link":"https:\/\/www.sudoestehoje.com.br\/novoportal\/2024\/07\/29\/regiao-mulheres-podem-decidir-eleicoes-no-segundo-turno-em-vitoria-da-conquista\/","title":{"rendered":"REGI\u00c3O | MULHERES PODEM DECIDIR ELEI\u00c7\u00d5ES NO SEGUNDO TURNO EM VIT\u00d3RIA DA CONQUISTA"},"content":{"rendered":"<p><img loading=\"lazy\" decoding=\"async\" class=\"alignnone  wp-image-118224\" src=\"https:\/\/www.sudoestehoje.com.br\/novoportal\/wp-content\/uploads\/2024\/07\/mosaico-lucia-sheila-e-nono1-600x472.webp\" alt=\"\" width=\"550\" height=\"433\" srcset=\"https:\/\/www.sudoestehoje.com.br\/novoportal\/wp-content\/uploads\/2024\/07\/mosaico-lucia-sheila-e-nono1-600x472.webp 600w, https:\/\/www.sudoestehoje.com.br\/novoportal\/wp-content\/uploads\/2024\/07\/mosaico-lucia-sheila-e-nono1-700x550.webp 700w, https:\/\/www.sudoestehoje.com.br\/novoportal\/wp-content\/uploads\/2024\/07\/mosaico-lucia-sheila-e-nono1.webp 767w\" sizes=\"auto, (max-width: 550px) 100vw, 550px\" \/><\/p>\n<p><strong>OPINI\u00c3O DO EDITOR<\/strong><\/p>\n<p><strong>Se as \u00faltimas pesquisas divulgadas pela imprensa de Vit\u00f3ria da Conquista estiverem corretas e n\u00e3o acontecer nenhuma reviravolta, duas mulheres dever\u00e3o disputar o comando do munic\u00edpio, num inusitado segundo turno feminino.<\/strong><\/p>\n<p><strong>A atual mandat\u00e1ria da &#8216;Capital do Biscoito&#8217;, a prefeita Sheila Lemos (Uni\u00e3o Brasil), tem liderado a disputa, com ligeira vantagem sobre a vereadora L\u00facia Rocha (MDB), enquanto o candidato do PT, o deputado federal Waldenor Pereira, segue encostado na terceira posi\u00e7\u00e3o.<\/strong><\/p>\n<p><strong>SEGUNDO TURNO<\/strong><\/p>\n<p><strong>Se acontecer um confronto entre as duas candidatas no segundo turno, L\u00facia Rocha dever\u00e1 compor com o candidato do PT, numa prov\u00e1vel alian\u00e7a MDB\/PT, ambos da base do governador Jer\u00f4nimo, de acordo com informa\u00e7\u00f5es colhidas pelo <em>Sudoeste Hoje<\/em>, nos bastidores da pol\u00edtica conquistense.<\/strong><\/p>\n<p><strong>Por outro lado, a prefeita Sheila Lemos conta com a for\u00e7a da c\u00fapula estadual do Uni\u00e3o Brasil e partidos de oposi\u00e7\u00e3o ao governo do estado, comandada por seu l\u00edder, ACM Neto, vencedor da \u00faltima elei\u00e7\u00e3o para governador, em Vit\u00f3ria da Conquista.<\/strong><\/p>\n<p><strong>Numa eventual disputa entre Sheila e o deputado federal Waldenor Pareira (PT), o apoio da emedebista \u00e0 sua candidatura \u00e9 t\u00e3o certo, como 2 + 2 s\u00e3o 4. Essa \u00e9 a orienta\u00e7\u00e3o do grupo liderado pelo governo.<\/strong><\/p>\n<p><strong>N\u00e3o ser\u00e1 uma disputa f\u00e1cil e o jogo s\u00f3 est\u00e1 come\u00e7ando.<\/strong><\/p>\n<p><strong>Por Davi Ferraz<\/strong><\/p>\n","protected":false},"excerpt":{"rendered":"<p>OPINI\u00c3O DO EDITOR Se as \u00faltimas pesquisas divulgadas pela imprensa de Vit\u00f3ria da Conquista estiverem corretas e n\u00e3o acontecer nenhuma reviravolta, duas mulheres dever\u00e3o disputar o comando do munic\u00edpio, num inusitado segundo turno feminino. A atual mandat\u00e1ria da &#8216;Capital do Biscoito&#8217;, a prefeita Sheila Lemos (Uni\u00e3o Brasil), tem liderado a disputa, com ligeira vantagem sobre [&hellip;]<\/p>\n","protected":false},"author":2,"featured_media":118224,"comment_status":"closed","ping_status":"open","sticky":false,"template":"","format":"standard","meta":{"footnotes":"","_links_to":"","_links_to_target":""},"categories":[1],"tags":[],"class_list":["post-118222","post","type-post","status-publish","format-standard","has-post-thumbnail","hentry","category-geral"],"views":1850,"_links":{"self":[{"href":"https:\/\/www.sudoestehoje.com.br\/novoportal\/wp-json\/wp\/v2\/posts\/118222","targetHints":{"allow":["GET"]}}],"collection":[{"href":"https:\/\/www.sudoestehoje.com.br\/novoportal\/wp-json\/wp\/v2\/posts"}],"about":[{"href":"https:\/\/www.sudoestehoje.com.br\/novoportal\/wp-json\/wp\/v2\/types\/post"}],"author":[{"embeddable":true,"href":"https:\/\/www.sudoestehoje.com.br\/novoportal\/wp-json\/wp\/v2\/users\/2"}],"replies":[{"embeddable":true,"href":"https:\/\/www.sudoestehoje.com.br\/novoportal\/wp-json\/wp\/v2\/comments?post=118222"}],"version-history":[{"count":3,"href":"https:\/\/www.sudoestehoje.com.br\/novoportal\/wp-json\/wp\/v2\/posts\/118222\/revisions"}],"predecessor-version":[{"id":118226,"href":"https:\/\/www.sudoestehoje.com.br\/novoportal\/wp-json\/wp\/v2\/posts\/118222\/revisions\/118226"}],"wp:featuredmedia":[{"embeddable":true,"href":"https:\/\/www.sudoestehoje.com.br\/novoportal\/wp-json\/wp\/v2\/media\/118224"}],"wp:attachment":[{"href":"https:\/\/www.sudoestehoje.com.br\/novoportal\/wp-json\/wp\/v2\/media?parent=118222"}],"wp:term":[{"taxonomy":"category","embeddable":true,"href":"https:\/\/www.sudoestehoje.com.br\/novoportal\/wp-json\/wp\/v2\/categories?post=118222"},{"taxonomy":"post_tag","embeddable":true,"href":"https:\/\/www.sudoestehoje.com.br\/novoportal\/wp-json\/wp\/v2\/tags?post=118222"}],"curies":[{"name":"wp","href":"https:\/\/api.w.org\/{rel}","templated":true}]}}