
{"id":118215,"date":"2024-07-27T20:21:22","date_gmt":"2024-07-27T23:21:22","guid":{"rendered":"https:\/\/www.sudoestehoje.com.br\/novoportal\/?p=118215"},"modified":"2024-07-27T20:21:22","modified_gmt":"2024-07-27T23:21:22","slug":"luto-morre-o-craque-jorge-campos-idolo-do-bahia-nos-anos-70","status":"publish","type":"post","link":"https:\/\/www.sudoestehoje.com.br\/novoportal\/2024\/07\/27\/luto-morre-o-craque-jorge-campos-idolo-do-bahia-nos-anos-70\/","title":{"rendered":"LUTO | MORRE O CRAQUE JORGE CAMPOS, \u00cdDOLO DO BAHIA NOS ANOS 70"},"content":{"rendered":"<p><img loading=\"lazy\" decoding=\"async\" class=\"alignnone  wp-image-118216\" src=\"https:\/\/www.sudoestehoje.com.br\/novoportal\/wp-content\/uploads\/2024\/07\/jorgecampos_widelg.jpg\" alt=\"\" width=\"551\" height=\"315\" \/><\/p>\n<p><strong>O \u00eddolo do Bahia e tetracampe\u00e3o baiano durante a sequ\u00eancia hist\u00f3rica quando o Tricolor conquistou sete t\u00edtulos seguidos nos anos 70, Jorge Campos, morreu na manh\u00e3 deste s\u00e1bado (27), aos 70 anos, A informa\u00e7\u00e3o foi divulgada pelo Esquadr\u00e3o.<\/strong><\/p>\n<p><strong>A causa da morte n\u00e3o foi divulgada, por\u00e9m, o ex-jogador vinha lutando contra complica\u00e7\u00f5es m\u00e9dicas desde 2022 e era um dos benefici\u00e1rios do programa Dignidade aos \u00cddolos, promovido pelo clube.<\/strong><\/p>\n<p><strong>Nas redes sociais, o Bahia lamentou a perda e se solidarizou com os familiares. Jorge Campos totalizou 57 gols e 21 assist\u00eancias pelo Esquadr\u00e3o de A\u00e7o. A constru\u00e7\u00e3o do Fazend\u00e3o \u2013 antigo CT tricolor \u2013 foi efetivada gra\u00e7as aos recursos de sua transfer\u00eancia.<\/strong><\/p>\n<p><strong>O vel\u00f3rio e o sepultamento aconteceu na tarde deste s\u00e1bado, no cemit\u00e9rio Campo Santo, sala 7, em Salvador. Jorge Campos era natural de Itoror\u00f3.<\/strong><\/p>\n","protected":false},"excerpt":{"rendered":"<p>O \u00eddolo do Bahia e tetracampe\u00e3o baiano durante a sequ\u00eancia hist\u00f3rica quando o Tricolor conquistou sete t\u00edtulos seguidos nos anos 70, Jorge Campos, morreu na manh\u00e3 deste s\u00e1bado (27), aos 70 anos, A informa\u00e7\u00e3o foi divulgada pelo Esquadr\u00e3o. A causa da morte n\u00e3o foi divulgada, por\u00e9m, o ex-jogador vinha lutando contra complica\u00e7\u00f5es m\u00e9dicas desde 2022 [&hellip;]<\/p>\n","protected":false},"author":2,"featured_media":118216,"comment_status":"closed","ping_status":"open","sticky":false,"template":"","format":"standard","meta":{"footnotes":"","_links_to":"","_links_to_target":""},"categories":[1],"tags":[],"class_list":["post-118215","post","type-post","status-publish","format-standard","has-post-thumbnail","hentry","category-geral"],"views":618,"_links":{"self":[{"href":"https:\/\/www.sudoestehoje.com.br\/novoportal\/wp-json\/wp\/v2\/posts\/118215","targetHints":{"allow":["GET"]}}],"collection":[{"href":"https:\/\/www.sudoestehoje.com.br\/novoportal\/wp-json\/wp\/v2\/posts"}],"about":[{"href":"https:\/\/www.sudoestehoje.com.br\/novoportal\/wp-json\/wp\/v2\/types\/post"}],"author":[{"embeddable":true,"href":"https:\/\/www.sudoestehoje.com.br\/novoportal\/wp-json\/wp\/v2\/users\/2"}],"replies":[{"embeddable":true,"href":"https:\/\/www.sudoestehoje.com.br\/novoportal\/wp-json\/wp\/v2\/comments?post=118215"}],"version-history":[{"count":1,"href":"https:\/\/www.sudoestehoje.com.br\/novoportal\/wp-json\/wp\/v2\/posts\/118215\/revisions"}],"predecessor-version":[{"id":118217,"href":"https:\/\/www.sudoestehoje.com.br\/novoportal\/wp-json\/wp\/v2\/posts\/118215\/revisions\/118217"}],"wp:featuredmedia":[{"embeddable":true,"href":"https:\/\/www.sudoestehoje.com.br\/novoportal\/wp-json\/wp\/v2\/media\/118216"}],"wp:attachment":[{"href":"https:\/\/www.sudoestehoje.com.br\/novoportal\/wp-json\/wp\/v2\/media?parent=118215"}],"wp:term":[{"taxonomy":"category","embeddable":true,"href":"https:\/\/www.sudoestehoje.com.br\/novoportal\/wp-json\/wp\/v2\/categories?post=118215"},{"taxonomy":"post_tag","embeddable":true,"href":"https:\/\/www.sudoestehoje.com.br\/novoportal\/wp-json\/wp\/v2\/tags?post=118215"}],"curies":[{"name":"wp","href":"https:\/\/api.w.org\/{rel}","templated":true}]}}