
{"id":118211,"date":"2024-07-26T18:40:34","date_gmt":"2024-07-26T21:40:34","guid":{"rendered":"https:\/\/www.sudoestehoje.com.br\/novoportal\/?p=118211"},"modified":"2024-07-26T18:41:43","modified_gmt":"2024-07-26T21:41:43","slug":"luto-morre-aos-89-anos-o-comerciante-roque-ananias-santana","status":"publish","type":"post","link":"https:\/\/www.sudoestehoje.com.br\/novoportal\/2024\/07\/26\/luto-morre-aos-89-anos-o-comerciante-roque-ananias-santana\/","title":{"rendered":"LUTO | MORRE, AOS 89 ANOS, O COMERCIANTE ROQUE ANANIAS SANTANA"},"content":{"rendered":"<p><img loading=\"lazy\" decoding=\"async\" class=\"alignnone wp-image-118212\" src=\"https:\/\/www.sudoestehoje.com.br\/novoportal\/wp-content\/uploads\/2024\/07\/WhatsApp-Image-2024-07-26-at-18.38.42-600x464.jpeg\" alt=\"\" width=\"550\" height=\"425\" srcset=\"https:\/\/www.sudoestehoje.com.br\/novoportal\/wp-content\/uploads\/2024\/07\/WhatsApp-Image-2024-07-26-at-18.38.42-600x464.jpeg 600w, https:\/\/www.sudoestehoje.com.br\/novoportal\/wp-content\/uploads\/2024\/07\/WhatsApp-Image-2024-07-26-at-18.38.42-700x542.jpeg 700w, https:\/\/www.sudoestehoje.com.br\/novoportal\/wp-content\/uploads\/2024\/07\/WhatsApp-Image-2024-07-26-at-18.38.42-768x594.jpeg 768w, https:\/\/www.sudoestehoje.com.br\/novoportal\/wp-content\/uploads\/2024\/07\/WhatsApp-Image-2024-07-26-at-18.38.42.jpeg 1078w\" sizes=\"auto, (max-width: 550px) 100vw, 550px\" \/><\/p>\n<p><strong>Faleceu, na manh\u00e3 desta sexta-feira (26), o comerciante de m\u00f3veis e eletrodom\u00e9sticos usados, Roque Santana, popularmente por &#8216;Roque da Farinha&#8217;, morador e lojista da rua Conde\u00faba, no bairro Camacan, em Itapetinga.<\/strong><\/p>\n<p><strong>Roque estava internado em uma UTI no Hospital S\u00e3o Vicente, na vizinha cidade de Vit\u00f3ria da Conquista, onde veio a \u00f3bito nesta sexta, deixando a saudade da sua esposa Nalva, da filha Eliene e da neta Ingrid.\u00a0<\/strong><\/p>\n<p><strong>O Sudoeste Hoje lamenta a perda do amigo Roque e estende o seu pesar \u00e0 fam\u00edlia e amigos. O corpo est\u00e1 sendo velado na Pax Perfei\u00e7\u00e3o e dever\u00e1 ser sepultado na manh\u00e3 deste s\u00e1bado (27).<\/strong><\/p>\n<p><strong>Davi Ferraz -Editor<\/strong><\/p>\n","protected":false},"excerpt":{"rendered":"<p>Faleceu, na manh\u00e3 desta sexta-feira (26), o comerciante de m\u00f3veis e eletrodom\u00e9sticos usados, Roque Santana, popularmente por &#8216;Roque da Farinha&#8217;, morador e lojista da rua Conde\u00faba, no bairro Camacan, em Itapetinga. Roque estava internado em uma UTI no Hospital S\u00e3o Vicente, na vizinha cidade de Vit\u00f3ria da Conquista, onde veio a \u00f3bito nesta sexta, deixando [&hellip;]<\/p>\n","protected":false},"author":2,"featured_media":118212,"comment_status":"closed","ping_status":"open","sticky":false,"template":"","format":"standard","meta":{"footnotes":"","_links_to":"","_links_to_target":""},"categories":[1],"tags":[],"class_list":["post-118211","post","type-post","status-publish","format-standard","has-post-thumbnail","hentry","category-geral"],"views":1506,"_links":{"self":[{"href":"https:\/\/www.sudoestehoje.com.br\/novoportal\/wp-json\/wp\/v2\/posts\/118211","targetHints":{"allow":["GET"]}}],"collection":[{"href":"https:\/\/www.sudoestehoje.com.br\/novoportal\/wp-json\/wp\/v2\/posts"}],"about":[{"href":"https:\/\/www.sudoestehoje.com.br\/novoportal\/wp-json\/wp\/v2\/types\/post"}],"author":[{"embeddable":true,"href":"https:\/\/www.sudoestehoje.com.br\/novoportal\/wp-json\/wp\/v2\/users\/2"}],"replies":[{"embeddable":true,"href":"https:\/\/www.sudoestehoje.com.br\/novoportal\/wp-json\/wp\/v2\/comments?post=118211"}],"version-history":[{"count":1,"href":"https:\/\/www.sudoestehoje.com.br\/novoportal\/wp-json\/wp\/v2\/posts\/118211\/revisions"}],"predecessor-version":[{"id":118213,"href":"https:\/\/www.sudoestehoje.com.br\/novoportal\/wp-json\/wp\/v2\/posts\/118211\/revisions\/118213"}],"wp:featuredmedia":[{"embeddable":true,"href":"https:\/\/www.sudoestehoje.com.br\/novoportal\/wp-json\/wp\/v2\/media\/118212"}],"wp:attachment":[{"href":"https:\/\/www.sudoestehoje.com.br\/novoportal\/wp-json\/wp\/v2\/media?parent=118211"}],"wp:term":[{"taxonomy":"category","embeddable":true,"href":"https:\/\/www.sudoestehoje.com.br\/novoportal\/wp-json\/wp\/v2\/categories?post=118211"},{"taxonomy":"post_tag","embeddable":true,"href":"https:\/\/www.sudoestehoje.com.br\/novoportal\/wp-json\/wp\/v2\/tags?post=118211"}],"curies":[{"name":"wp","href":"https:\/\/api.w.org\/{rel}","templated":true}]}}