
{"id":118198,"date":"2024-07-25T19:20:26","date_gmt":"2024-07-25T22:20:26","guid":{"rendered":"https:\/\/www.sudoestehoje.com.br\/novoportal\/?p=118198"},"modified":"2024-07-25T20:34:12","modified_gmt":"2024-07-25T23:34:12","slug":"elmar-nascimento-diz-que-pode-apoiar-antonio-brito-para-presidencia-da-camara","status":"publish","type":"post","link":"https:\/\/www.sudoestehoje.com.br\/novoportal\/2024\/07\/25\/elmar-nascimento-diz-que-pode-apoiar-antonio-brito-para-presidencia-da-camara\/","title":{"rendered":"ELMAR NASCIMENTO DIZ QUE PODE APOIAR ANT\u00d4NIO BRITO PARA PRESID\u00caNCIA DA C\u00c2MARA"},"content":{"rendered":"<p><img loading=\"lazy\" decoding=\"async\" class=\"alignnone wp-image-118199\" src=\"https:\/\/www.sudoestehoje.com.br\/novoportal\/wp-content\/uploads\/2024\/07\/IMAGEM_NOTICIA_9-3-600x315.webp\" alt=\"\" width=\"550\" height=\"289\" srcset=\"https:\/\/www.sudoestehoje.com.br\/novoportal\/wp-content\/uploads\/2024\/07\/IMAGEM_NOTICIA_9-3-600x315.webp 600w, https:\/\/www.sudoestehoje.com.br\/novoportal\/wp-content\/uploads\/2024\/07\/IMAGEM_NOTICIA_9-3-700x368.webp 700w, https:\/\/www.sudoestehoje.com.br\/novoportal\/wp-content\/uploads\/2024\/07\/IMAGEM_NOTICIA_9-3-768x403.webp 768w, https:\/\/www.sudoestehoje.com.br\/novoportal\/wp-content\/uploads\/2024\/07\/IMAGEM_NOTICIA_9-3.webp 1200w\" sizes=\"auto, (max-width: 550px) 100vw, 550px\" \/><\/p>\n<p><strong>Apontado nos bastidores como o favorito de Arthur Lira (PP-AL) para a sucess\u00e3o na presid\u00eancia da C\u00e2mara dos Deputados, Elmar Nascimento (Uni\u00e3o) elogiou e deixou em aberta a possibilidade de apoiar o seu principal advers\u00e1rio no pleito, o tamb\u00e9m baiano, Ant\u00f4nio Brito (PSD).\u00a0<\/strong><\/p>\n<p><strong>\u201c\u00c9 bom para a Bahia e para o baiano. Se eu estiver numa situa\u00e7\u00e3o inversa o apoiarei com toda a tranquilidade. \u00c9 um grande quadro da C\u00e2mara dos Deputados E tenho um grande apre\u00e7o por ele. N\u00e3o tem problema nenhum em apoi\u00e1-lo\u201d, disse Elmar \u00e0 imprensa durante a conven\u00e7\u00e3o que oficializou a candidatura de Bruno Reis (Uni\u00e3o) \u00e0 prefeitura de Salvador, nesta quinta-feira (25).\u00a0<\/strong><\/p>\n<p><strong>Na ocasi\u00e3o, Elmar tamb\u00e9m falou sobre o apoio que recebeu do PSB e PDT para a disputa. \u201cFruto de relacionamento e de respeito\u201d, destacou o deputado, que tamb\u00e9m comentou uma recente declara\u00e7\u00e3o do governador Jer\u00f4nimo Rodrigues \u00a0(PT) que disse que n\u00e3o via maiores problemas na sua candidatura. \u201cO governador \u00e9 um homem inteligente. O que \u00e9 bom pra Bahia \u00e9 bom pra ele\u201d, pontuou. \/\/Bahia Not\u00edcias<\/strong><\/p>\n<p><img loading=\"lazy\" decoding=\"async\" class=\"alignnone size-full wp-image-118155\" src=\"https:\/\/www.sudoestehoje.com.br\/novoportal\/wp-content\/uploads\/2024\/07\/BANNER-550x110-GERAL-2-2.gif\" alt=\"\" width=\"550\" height=\"110\" \/><\/p>\n","protected":false},"excerpt":{"rendered":"<p>Apontado nos bastidores como o favorito de Arthur Lira (PP-AL) para a sucess\u00e3o na presid\u00eancia da C\u00e2mara dos Deputados, Elmar Nascimento (Uni\u00e3o) elogiou e deixou em aberta a possibilidade de apoiar o seu principal advers\u00e1rio no pleito, o tamb\u00e9m baiano, Ant\u00f4nio Brito (PSD).\u00a0 \u201c\u00c9 bom para a Bahia e para o baiano. Se eu estiver [&hellip;]<\/p>\n","protected":false},"author":2,"featured_media":118199,"comment_status":"closed","ping_status":"open","sticky":false,"template":"","format":"standard","meta":{"footnotes":"","_links_to":"","_links_to_target":""},"categories":[1],"tags":[],"class_list":["post-118198","post","type-post","status-publish","format-standard","has-post-thumbnail","hentry","category-geral"],"views":462,"_links":{"self":[{"href":"https:\/\/www.sudoestehoje.com.br\/novoportal\/wp-json\/wp\/v2\/posts\/118198","targetHints":{"allow":["GET"]}}],"collection":[{"href":"https:\/\/www.sudoestehoje.com.br\/novoportal\/wp-json\/wp\/v2\/posts"}],"about":[{"href":"https:\/\/www.sudoestehoje.com.br\/novoportal\/wp-json\/wp\/v2\/types\/post"}],"author":[{"embeddable":true,"href":"https:\/\/www.sudoestehoje.com.br\/novoportal\/wp-json\/wp\/v2\/users\/2"}],"replies":[{"embeddable":true,"href":"https:\/\/www.sudoestehoje.com.br\/novoportal\/wp-json\/wp\/v2\/comments?post=118198"}],"version-history":[{"count":2,"href":"https:\/\/www.sudoestehoje.com.br\/novoportal\/wp-json\/wp\/v2\/posts\/118198\/revisions"}],"predecessor-version":[{"id":118206,"href":"https:\/\/www.sudoestehoje.com.br\/novoportal\/wp-json\/wp\/v2\/posts\/118198\/revisions\/118206"}],"wp:featuredmedia":[{"embeddable":true,"href":"https:\/\/www.sudoestehoje.com.br\/novoportal\/wp-json\/wp\/v2\/media\/118199"}],"wp:attachment":[{"href":"https:\/\/www.sudoestehoje.com.br\/novoportal\/wp-json\/wp\/v2\/media?parent=118198"}],"wp:term":[{"taxonomy":"category","embeddable":true,"href":"https:\/\/www.sudoestehoje.com.br\/novoportal\/wp-json\/wp\/v2\/categories?post=118198"},{"taxonomy":"post_tag","embeddable":true,"href":"https:\/\/www.sudoestehoje.com.br\/novoportal\/wp-json\/wp\/v2\/tags?post=118198"}],"curies":[{"name":"wp","href":"https:\/\/api.w.org\/{rel}","templated":true}]}}