
{"id":118190,"date":"2024-07-25T11:21:47","date_gmt":"2024-07-25T14:21:47","guid":{"rendered":"https:\/\/www.sudoestehoje.com.br\/novoportal\/?p=118190"},"modified":"2024-07-25T20:35:56","modified_gmt":"2024-07-25T23:35:56","slug":"eleicoes-multas-eleitorais-terao-que-ser-quitadas-antes-do-registro-de-andidaturas","status":"publish","type":"post","link":"https:\/\/www.sudoestehoje.com.br\/novoportal\/2024\/07\/25\/eleicoes-multas-eleitorais-terao-que-ser-quitadas-antes-do-registro-de-andidaturas\/","title":{"rendered":"ELEI\u00c7\u00d5ES | MULTAS ELEITORAIS TER\u00c3O QUE SER QUITADAS ANTES DO REGISTRO DE CANDIDATURAS"},"content":{"rendered":"<p><img loading=\"lazy\" decoding=\"async\" class=\"alignnone wp-image-118192\" src=\"https:\/\/www.sudoestehoje.com.br\/novoportal\/wp-content\/uploads\/2024\/07\/WhatsApp-Image-2024-07-25-at-11.15.20-600x334.jpeg\" alt=\"\" width=\"551\" height=\"307\" srcset=\"https:\/\/www.sudoestehoje.com.br\/novoportal\/wp-content\/uploads\/2024\/07\/WhatsApp-Image-2024-07-25-at-11.15.20-600x334.jpeg 600w, https:\/\/www.sudoestehoje.com.br\/novoportal\/wp-content\/uploads\/2024\/07\/WhatsApp-Image-2024-07-25-at-11.15.20-700x390.jpeg 700w, https:\/\/www.sudoestehoje.com.br\/novoportal\/wp-content\/uploads\/2024\/07\/WhatsApp-Image-2024-07-25-at-11.15.20-768x427.jpeg 768w, https:\/\/www.sudoestehoje.com.br\/novoportal\/wp-content\/uploads\/2024\/07\/WhatsApp-Image-2024-07-25-at-11.15.20.jpeg 1078w\" sizes=\"auto, (max-width: 551px) 100vw, 551px\" \/><\/p>\n<p><strong>De acordo com as resolu\u00e7\u00f5es que regem as elei\u00e7\u00f5es municipais de 2024, todos os candidatos dever\u00e3o a prefeito, vice-prefeito e vereador dever\u00e3o, obrigatoriamente, em dia com a Justi\u00e7a Eleitoral, comprovado atrav\u00e9s das devidas certid\u00f5es emitida pelo TSE. <\/strong><\/p>\n<p><strong>Uma dessas obriga\u00e7\u00f5es, \u00e9 o pagamento de multas imputadas pela Justi\u00e7a Eleitoral, em processos julgados por infring\u00eancia (s) de normas estabelecidas pelo TSE (<a class=\"external-link\" href=\"http:\/\/www.tse.jus.br\/legislacao\/codigo-eleitoral\/normas-editadas-pelo-tse\/resolucao-nb0-23.088-de-30-de-junho-de-2009-brasilia-2013-df\" target=\"_blank\" rel=\"noopener\">Res.-TSE n\u00ba 23.088, de 2009\u00a0<\/a>), ou crimes praticados durante o processo.<\/strong><\/p>\n<p><strong>As multas, segundo resolu\u00e7\u00e3o do TSE, poder\u00e3o ser quistas \u00e0 vista ou parceladas, de acordo com normas estabelecidas pela Receita Federal.<\/strong><\/p>\n<p><strong>O n\u00e3o pagamento implica no indeferimento do registro do candidato.<\/strong><\/p>\n<p><strong>Por Davi Ferraz\u00a0<\/strong><\/p>\n<p><img loading=\"lazy\" decoding=\"async\" class=\"alignnone size-full wp-image-118155\" src=\"https:\/\/www.sudoestehoje.com.br\/novoportal\/wp-content\/uploads\/2024\/07\/BANNER-550x110-GERAL-2-2.gif\" alt=\"\" width=\"550\" height=\"110\" \/><\/p>\n","protected":false},"excerpt":{"rendered":"<p>De acordo com as resolu\u00e7\u00f5es que regem as elei\u00e7\u00f5es municipais de 2024, todos os candidatos dever\u00e3o a prefeito, vice-prefeito e vereador dever\u00e3o, obrigatoriamente, em dia com a Justi\u00e7a Eleitoral, comprovado atrav\u00e9s das devidas certid\u00f5es emitida pelo TSE. Uma dessas obriga\u00e7\u00f5es, \u00e9 o pagamento de multas imputadas pela Justi\u00e7a Eleitoral, em processos julgados por infring\u00eancia (s) [&hellip;]<\/p>\n","protected":false},"author":2,"featured_media":118192,"comment_status":"closed","ping_status":"open","sticky":false,"template":"","format":"standard","meta":{"footnotes":"","_links_to":"","_links_to_target":""},"categories":[1],"tags":[],"class_list":["post-118190","post","type-post","status-publish","format-standard","has-post-thumbnail","hentry","category-geral"],"views":1007,"_links":{"self":[{"href":"https:\/\/www.sudoestehoje.com.br\/novoportal\/wp-json\/wp\/v2\/posts\/118190","targetHints":{"allow":["GET"]}}],"collection":[{"href":"https:\/\/www.sudoestehoje.com.br\/novoportal\/wp-json\/wp\/v2\/posts"}],"about":[{"href":"https:\/\/www.sudoestehoje.com.br\/novoportal\/wp-json\/wp\/v2\/types\/post"}],"author":[{"embeddable":true,"href":"https:\/\/www.sudoestehoje.com.br\/novoportal\/wp-json\/wp\/v2\/users\/2"}],"replies":[{"embeddable":true,"href":"https:\/\/www.sudoestehoje.com.br\/novoportal\/wp-json\/wp\/v2\/comments?post=118190"}],"version-history":[{"count":7,"href":"https:\/\/www.sudoestehoje.com.br\/novoportal\/wp-json\/wp\/v2\/posts\/118190\/revisions"}],"predecessor-version":[{"id":118207,"href":"https:\/\/www.sudoestehoje.com.br\/novoportal\/wp-json\/wp\/v2\/posts\/118190\/revisions\/118207"}],"wp:featuredmedia":[{"embeddable":true,"href":"https:\/\/www.sudoestehoje.com.br\/novoportal\/wp-json\/wp\/v2\/media\/118192"}],"wp:attachment":[{"href":"https:\/\/www.sudoestehoje.com.br\/novoportal\/wp-json\/wp\/v2\/media?parent=118190"}],"wp:term":[{"taxonomy":"category","embeddable":true,"href":"https:\/\/www.sudoestehoje.com.br\/novoportal\/wp-json\/wp\/v2\/categories?post=118190"},{"taxonomy":"post_tag","embeddable":true,"href":"https:\/\/www.sudoestehoje.com.br\/novoportal\/wp-json\/wp\/v2\/tags?post=118190"}],"curies":[{"name":"wp","href":"https:\/\/api.w.org\/{rel}","templated":true}]}}