
{"id":118174,"date":"2024-07-24T19:17:16","date_gmt":"2024-07-24T22:17:16","guid":{"rendered":"https:\/\/www.sudoestehoje.com.br\/novoportal\/?p=118174"},"modified":"2024-07-25T20:38:53","modified_gmt":"2024-07-25T23:38:53","slug":"itapetinga-tre-aplica-multa-de-r-20-mil-contra-joao-de-deus-pt-por-propaganda-eleitoral-irregular","status":"publish","type":"post","link":"https:\/\/www.sudoestehoje.com.br\/novoportal\/2024\/07\/24\/itapetinga-tre-aplica-multa-de-r-20-mil-contra-joao-de-deus-pt-por-propaganda-eleitoral-irregular\/","title":{"rendered":"ITAPETINGA | TRE APLICA MULTA DE R$ 20 MIL CONTRA JO\u00c3O DE DEUS (PT) POR PROPAGANDA ELEITORAL IRREGULAR"},"content":{"rendered":"<p><img loading=\"lazy\" decoding=\"async\" class=\"alignnone wp-image-118179\" src=\"https:\/\/www.sudoestehoje.com.br\/novoportal\/wp-content\/uploads\/2024\/07\/281f2b40-dfad-4bfc-a23d-c8761475bb4c-600x333.jpg\" alt=\"\" width=\"551\" height=\"306\" srcset=\"https:\/\/www.sudoestehoje.com.br\/novoportal\/wp-content\/uploads\/2024\/07\/281f2b40-dfad-4bfc-a23d-c8761475bb4c-600x333.jpg 600w, https:\/\/www.sudoestehoje.com.br\/novoportal\/wp-content\/uploads\/2024\/07\/281f2b40-dfad-4bfc-a23d-c8761475bb4c-700x388.jpg 700w, https:\/\/www.sudoestehoje.com.br\/novoportal\/wp-content\/uploads\/2024\/07\/281f2b40-dfad-4bfc-a23d-c8761475bb4c-768x426.jpg 768w, https:\/\/www.sudoestehoje.com.br\/novoportal\/wp-content\/uploads\/2024\/07\/281f2b40-dfad-4bfc-a23d-c8761475bb4c.jpg 847w\" sizes=\"auto, (max-width: 551px) 100vw, 551px\" \/><\/p>\n<p><strong>Ap\u00f3s filia\u00e7\u00e3o ao PT e lan\u00e7amento da sua pr\u00e9-candidatura a prefeito de Itapetinga, o vereador Jo\u00e3o de Deus e o seu partido, afixaram em pontos estrat\u00e9gicos da cidade, de forma irregular e contr\u00e1rios \u00e0 legisla\u00e7\u00e3o eleitoral, <em>quatro outdoors<\/em> saudando o seu ingresso ao Partido dos Trabalhadores.\u00a0<\/strong><\/p>\n<p><strong>Imediatamente, o diret\u00f3rio municipal do PDT ingressou com den\u00fancia junto \u00e0 Justi\u00e7a Eleitoral, que acabou reconhecendo a irregularidade praticada pelo pr\u00e9-candidato petista, pela pr\u00e1tica de PROPAGANDA ELEITORAL ANTECIPADA, aplicando-lhe, inicialmente, multa eleitoral de R$ 5 mil reais.<\/strong><\/p>\n<p><strong>Inconformado, Jo\u00e3o de Deus recorreu da decis\u00e3o junto ao TRE, atrav\u00e9s de seus advogados, pedindo o cancelamento da multa, por n\u00e3o constituir propaganda eleitoral, mas &#8220;uma simples sauda\u00e7\u00e3o do PT&#8221;, como novo filiado do partido.<\/strong><\/p>\n<p><img loading=\"lazy\" decoding=\"async\" class=\"alignnone wp-image-118183\" src=\"https:\/\/www.sudoestehoje.com.br\/novoportal\/wp-content\/uploads\/2024\/07\/e141c0d1-cb27-4fd2-969a-17157f7fdafb-1-600x657.jpg\" alt=\"\" width=\"549\" height=\"601\" srcset=\"https:\/\/www.sudoestehoje.com.br\/novoportal\/wp-content\/uploads\/2024\/07\/e141c0d1-cb27-4fd2-969a-17157f7fdafb-1-600x657.jpg 600w, https:\/\/www.sudoestehoje.com.br\/novoportal\/wp-content\/uploads\/2024\/07\/e141c0d1-cb27-4fd2-969a-17157f7fdafb-1-700x767.jpg 700w, https:\/\/www.sudoestehoje.com.br\/novoportal\/wp-content\/uploads\/2024\/07\/e141c0d1-cb27-4fd2-969a-17157f7fdafb-1-768x841.jpg 768w, https:\/\/www.sudoestehoje.com.br\/novoportal\/wp-content\/uploads\/2024\/07\/e141c0d1-cb27-4fd2-969a-17157f7fdafb-1.jpg 1036w\" sizes=\"auto, (max-width: 549px) 100vw, 549px\" \/><\/p>\n<p><strong>Nesta quarta-feira (24) entretanto, no julgamento do recurso, o TRE indeferiu o recurso do pr\u00e9-candidato e majorou a multa para R$ 20 mil reais, vez que o valor de R$ 5 mil reais, anteriormente aplicado, deveria se referir a cada outdoor, conforme prev\u00ea a Legisla\u00e7\u00e3o Eleitoral aplic\u00e1vel.<\/strong><\/p>\n<p><strong>\u00a0<\/strong><strong><a href=\"https:\/\/www.sudoestehoje.com.br\/novoportal\/wp-content\/uploads\/2024\/07\/0600022-90.2024.6.05.0140.pdf\">CONFIRA DECIS\u00c3O DA JUSTI\u00c7A ELEITORAL NA \u00cdNTEGRA<\/a><\/strong><\/p>\n<p><strong>Por Davi Ferraz<\/strong><\/p>\n<p><img loading=\"lazy\" decoding=\"async\" class=\"alignnone size-full wp-image-118155\" src=\"https:\/\/www.sudoestehoje.com.br\/novoportal\/wp-content\/uploads\/2024\/07\/BANNER-550x110-GERAL-2-2.gif\" alt=\"\" width=\"550\" height=\"110\" \/><\/p>\n","protected":false},"excerpt":{"rendered":"<p>Ap\u00f3s filia\u00e7\u00e3o ao PT e lan\u00e7amento da sua pr\u00e9-candidatura a prefeito de Itapetinga, o vereador Jo\u00e3o de Deus e o seu partido, afixaram em pontos estrat\u00e9gicos da cidade, de forma irregular e contr\u00e1rios \u00e0 legisla\u00e7\u00e3o eleitoral, quatro outdoors saudando o seu ingresso ao Partido dos Trabalhadores.\u00a0 Imediatamente, o diret\u00f3rio municipal do PDT ingressou com den\u00fancia [&hellip;]<\/p>\n","protected":false},"author":2,"featured_media":118179,"comment_status":"closed","ping_status":"open","sticky":false,"template":"","format":"standard","meta":{"footnotes":"","_links_to":"","_links_to_target":""},"categories":[1],"tags":[],"class_list":["post-118174","post","type-post","status-publish","format-standard","has-post-thumbnail","hentry","category-geral"],"views":2564,"_links":{"self":[{"href":"https:\/\/www.sudoestehoje.com.br\/novoportal\/wp-json\/wp\/v2\/posts\/118174","targetHints":{"allow":["GET"]}}],"collection":[{"href":"https:\/\/www.sudoestehoje.com.br\/novoportal\/wp-json\/wp\/v2\/posts"}],"about":[{"href":"https:\/\/www.sudoestehoje.com.br\/novoportal\/wp-json\/wp\/v2\/types\/post"}],"author":[{"embeddable":true,"href":"https:\/\/www.sudoestehoje.com.br\/novoportal\/wp-json\/wp\/v2\/users\/2"}],"replies":[{"embeddable":true,"href":"https:\/\/www.sudoestehoje.com.br\/novoportal\/wp-json\/wp\/v2\/comments?post=118174"}],"version-history":[{"count":8,"href":"https:\/\/www.sudoestehoje.com.br\/novoportal\/wp-json\/wp\/v2\/posts\/118174\/revisions"}],"predecessor-version":[{"id":118208,"href":"https:\/\/www.sudoestehoje.com.br\/novoportal\/wp-json\/wp\/v2\/posts\/118174\/revisions\/118208"}],"wp:featuredmedia":[{"embeddable":true,"href":"https:\/\/www.sudoestehoje.com.br\/novoportal\/wp-json\/wp\/v2\/media\/118179"}],"wp:attachment":[{"href":"https:\/\/www.sudoestehoje.com.br\/novoportal\/wp-json\/wp\/v2\/media?parent=118174"}],"wp:term":[{"taxonomy":"category","embeddable":true,"href":"https:\/\/www.sudoestehoje.com.br\/novoportal\/wp-json\/wp\/v2\/categories?post=118174"},{"taxonomy":"post_tag","embeddable":true,"href":"https:\/\/www.sudoestehoje.com.br\/novoportal\/wp-json\/wp\/v2\/tags?post=118174"}],"curies":[{"name":"wp","href":"https:\/\/api.w.org\/{rel}","templated":true}]}}