
{"id":118150,"date":"2024-07-23T16:58:18","date_gmt":"2024-07-23T19:58:18","guid":{"rendered":"https:\/\/www.sudoestehoje.com.br\/novoportal\/?p=118150"},"modified":"2024-07-23T17:05:04","modified_gmt":"2024-07-23T20:05:04","slug":"palco-da-arena-da-musica-e-confirmado-na-18a-edicao-do-festival-de-inverno-bahia","status":"publish","type":"post","link":"https:\/\/www.sudoestehoje.com.br\/novoportal\/2024\/07\/23\/palco-da-arena-da-musica-e-confirmado-na-18a-edicao-do-festival-de-inverno-bahia\/","title":{"rendered":"PALCO DA &#8216;ARENA DA M\u00daSICA&#8217; \u00c9 CONFIRMADO NA 18\u00aa EDI\u00c7\u00c3O DO FESTIVAL DE INVERNO BAHIA"},"content":{"rendered":"<p><img loading=\"lazy\" decoding=\"async\" class=\"alignnone wp-image-118152\" src=\"https:\/\/www.sudoestehoje.com.br\/novoportal\/wp-content\/uploads\/2024\/07\/unnamed-1-600x354.jpg\" alt=\"\" width=\"551\" height=\"325\" srcset=\"https:\/\/www.sudoestehoje.com.br\/novoportal\/wp-content\/uploads\/2024\/07\/unnamed-1-600x354.jpg 600w, https:\/\/www.sudoestehoje.com.br\/novoportal\/wp-content\/uploads\/2024\/07\/unnamed-1-700x413.jpg 700w, https:\/\/www.sudoestehoje.com.br\/novoportal\/wp-content\/uploads\/2024\/07\/unnamed-1-768x453.jpg 768w, https:\/\/www.sudoestehoje.com.br\/novoportal\/wp-content\/uploads\/2024\/07\/unnamed-1.jpg 1050w\" sizes=\"auto, (max-width: 551px) 100vw, 551px\" \/><\/p>\n<p><strong>O mote \u2018Muito mais M\u00fasica\u2019 est\u00e1 ainda mais fortalecido na edi\u00e7\u00e3o deste ano do Festival de Inverno Bahia (FIB). A organiza\u00e7\u00e3o do evento, que est\u00e1 h\u00e1 menos de dois meses da sua realiza\u00e7\u00e3o, acaba de confirmar nomes que v\u00e3o se apresentar no palco Arena da M\u00fasica by Coca-Cola Food Fest.<\/strong><\/p>\n<p><strong>Por mais um ano, o local traz como destaque nomes da m\u00fasica regional para se apresentarem dentro do FIB. Mas, al\u00e9m dos artistas da regi\u00e3o, algumas atra\u00e7\u00f5es nacionais chegam ao palco neste ano para dar ainda mais relev\u00e2ncia \u00e0 Arena da M\u00fasica. \u201cTemos a maior honra de ter representantes do sudoeste baiano no nosso festival, refor\u00e7ando nossa valoriza\u00e7\u00e3o ao que \u00e9 feito em Conquista e adjac\u00eancias. Mas, unir nomes nacionais \u00e0 esta grade faz com que o nosso segundo palco ganhe a cada ano um peso mais elevado e amplie a experi\u00eancia de festival do nosso p\u00fablico\u201d, conta o head da Bahia Eventos, Bruno Portela.<\/strong><\/p>\n<p><strong>As apresenta\u00e7\u00f5es na Arena da M\u00fasica by Coca-Cola Food Fest acontecem paralelamente ao palco principal, o que acaba sendo uma op\u00e7\u00e3o para o consumo de outros ritmos ao longo das tr\u00eas noites do Festival de Inverno Bahia. Na sexta-feira, 23 de agosto, se apresentaram na Arena da M\u00fasica os artistas locais Haeckel Fran\u00e7a e Fred Sampaio. Haeckel trar\u00e1 um grande passeio pela MPB, Pop Rock, e Rock nacional e internacional, sem deixar de lado seu carinho pela m\u00fasica nordestina. No seu trabalho, possui como refer\u00eancias as bandas Legi\u00e3o Urbana, Capital Inicial e Guns n&#8217; Roses. J\u00e1 Fred, que traz muito do ax\u00e9 e da m\u00fasica pop, chegar\u00e1 ao palco com algumas de suas can\u00e7\u00f5es j\u00e1 s\u00e3o conhecidas como &#8221; Amor Sem Compromisso&#8221;, que contou com a participa\u00e7\u00e3o especial de Durval L\u00e9llys em 2016; e &#8220;Voar, Ser Feliz&#8221;.<\/strong><\/p>\n<p><strong>De Salvador, o Samba do L\u00fa vai trazer grandes sucessos na bagagem. Al\u00e9m do samba, o grupo mostrar\u00e1 sua musicalidade e a influ\u00eancia de g\u00eaneros como pop rock, funk e ax\u00e9. E do Rio de Janeiro, quem vai chegar ao Parque Teopompo de Almeida \u00e9 o DJ Felipe Poeta, que tem embalado grandes festas em todo o Pa\u00eds, a exemplo dos festivais The Town, Tomorrowland Brasil e, recentemente, no Salve o Sul.<\/strong><\/p>\n<p><strong>No s\u00e1bado, 24 de agosto, ser\u00e1 a vez do Forr\u00f3 Temperado, que une o tempero baiano com o capixaba e arranjos vocais; do grupo Essencial Hit que far\u00e1 interpreta\u00e7\u00f5es de can\u00e7\u00f5es nacionais e internacionais de grandes artistas; e da ex\u00f3tica J\u00f4 Almeida que \u00e9 nome carimbado nas festas e bares de Vit\u00f3ria da Conquista. Al\u00e9m dos tr\u00eas artistas j\u00e1 consagrados em toda regi\u00e3o, O Kanalha vem da capital baiana e vai mostrar o que deixa as pessoas fraquinhas nas suas apresenta\u00e7\u00f5es. E quem gosta do som de Marisa Monte, vai poder aproveitar a homenagem feita pela cantora Jeanna Lopes \u00e0 artista. No projeto &#8220;Marisa por Jeanna&#8221;, ela interpreta grandes sucessos da carreira de Marisa.<\/strong><\/p>\n<p><strong>E a \u00faltima noite do FIB, 25 de agosto, contar\u00e1 com o forr\u00f3 de Rony Barbosa e o pagode do grupo D\u00fa Nosso Jeito, que passeia entre samba e pagode dos anos 90, atuais e autorais. O forr\u00f3 estar\u00e1 muito bem representado por Jeanne Lima, que foi participante do The Voice, da TV Globo, em 2014, e est\u00e1 em carreira solo desde 2015.\u00a0 Quem completa o line up do domingo \u00e9 o cantor, compositor e ator Pedro Pond\u00e9. O multiartista tem 20 anos de trajet\u00f3ria e apresentar\u00e1 um repert\u00f3rio de m\u00fasica pop, brasileira, contempor\u00e2nea, autoral e aut\u00eantica.<\/strong><\/p>\n<p><b>A produ\u00e7\u00e3o do Festival de Inverno Bahia \u00e9 assinada pela Bahia Eventos, empresa de entretenimento da Rede Bahia, em parceria com a TV Sudoeste.<\/b><\/p>\n<p><img loading=\"lazy\" decoding=\"async\" class=\"alignnone size-full wp-image-118155\" src=\"https:\/\/www.sudoestehoje.com.br\/novoportal\/wp-content\/uploads\/2024\/07\/BANNER-550x110-GERAL-2-2.gif\" alt=\"\" width=\"550\" height=\"110\" \/><\/p>\n","protected":false},"excerpt":{"rendered":"<p>O mote \u2018Muito mais M\u00fasica\u2019 est\u00e1 ainda mais fortalecido na edi\u00e7\u00e3o deste ano do Festival de Inverno Bahia (FIB). A organiza\u00e7\u00e3o do evento, que est\u00e1 h\u00e1 menos de dois meses da sua realiza\u00e7\u00e3o, acaba de confirmar nomes que v\u00e3o se apresentar no palco Arena da M\u00fasica by Coca-Cola Food Fest. Por mais um ano, o [&hellip;]<\/p>\n","protected":false},"author":2,"featured_media":118152,"comment_status":"closed","ping_status":"open","sticky":false,"template":"","format":"standard","meta":{"footnotes":"","_links_to":"","_links_to_target":""},"categories":[1],"tags":[],"class_list":["post-118150","post","type-post","status-publish","format-standard","has-post-thumbnail","hentry","category-geral"],"views":1202,"_links":{"self":[{"href":"https:\/\/www.sudoestehoje.com.br\/novoportal\/wp-json\/wp\/v2\/posts\/118150","targetHints":{"allow":["GET"]}}],"collection":[{"href":"https:\/\/www.sudoestehoje.com.br\/novoportal\/wp-json\/wp\/v2\/posts"}],"about":[{"href":"https:\/\/www.sudoestehoje.com.br\/novoportal\/wp-json\/wp\/v2\/types\/post"}],"author":[{"embeddable":true,"href":"https:\/\/www.sudoestehoje.com.br\/novoportal\/wp-json\/wp\/v2\/users\/2"}],"replies":[{"embeddable":true,"href":"https:\/\/www.sudoestehoje.com.br\/novoportal\/wp-json\/wp\/v2\/comments?post=118150"}],"version-history":[{"count":4,"href":"https:\/\/www.sudoestehoje.com.br\/novoportal\/wp-json\/wp\/v2\/posts\/118150\/revisions"}],"predecessor-version":[{"id":118156,"href":"https:\/\/www.sudoestehoje.com.br\/novoportal\/wp-json\/wp\/v2\/posts\/118150\/revisions\/118156"}],"wp:featuredmedia":[{"embeddable":true,"href":"https:\/\/www.sudoestehoje.com.br\/novoportal\/wp-json\/wp\/v2\/media\/118152"}],"wp:attachment":[{"href":"https:\/\/www.sudoestehoje.com.br\/novoportal\/wp-json\/wp\/v2\/media?parent=118150"}],"wp:term":[{"taxonomy":"category","embeddable":true,"href":"https:\/\/www.sudoestehoje.com.br\/novoportal\/wp-json\/wp\/v2\/categories?post=118150"},{"taxonomy":"post_tag","embeddable":true,"href":"https:\/\/www.sudoestehoje.com.br\/novoportal\/wp-json\/wp\/v2\/tags?post=118150"}],"curies":[{"name":"wp","href":"https:\/\/api.w.org\/{rel}","templated":true}]}}