
{"id":118135,"date":"2024-07-23T09:04:32","date_gmt":"2024-07-23T12:04:32","guid":{"rendered":"https:\/\/www.sudoestehoje.com.br\/novoportal\/?p=118135"},"modified":"2024-07-23T17:06:23","modified_gmt":"2024-07-23T20:06:23","slug":"mais-empregos-sine-bahia-tem-hoje-mais-12-vagas-para-itapetinga-confira","status":"publish","type":"post","link":"https:\/\/www.sudoestehoje.com.br\/novoportal\/2024\/07\/23\/mais-empregos-sine-bahia-tem-hoje-mais-12-vagas-para-itapetinga-confira\/","title":{"rendered":"MAIS EMPREGOS | SINE BAHIA TEM HOJE MAIS 12 VAGAS PARA ITAPETINGA: CONFIRA"},"content":{"rendered":"<p><img loading=\"lazy\" decoding=\"async\" class=\"alignnone wp-image-118136\" src=\"https:\/\/www.sudoestehoje.com.br\/novoportal\/wp-content\/uploads\/2024\/07\/vagas-1-600x388.jpg\" alt=\"\" width=\"551\" height=\"356\" srcset=\"https:\/\/www.sudoestehoje.com.br\/novoportal\/wp-content\/uploads\/2024\/07\/vagas-1-600x388.jpg 600w, https:\/\/www.sudoestehoje.com.br\/novoportal\/wp-content\/uploads\/2024\/07\/vagas-1.jpg 696w\" sizes=\"auto, (max-width: 551px) 100vw, 551px\" \/><\/p>\n<p><strong>L\u00edder regional na gera\u00e7\u00e3o de empregos, o munic\u00edpio de Itapetinga na para de disponibilizar vagas de trabalho formal, atrav\u00e9s do Sine Bahia. Os interessados devem comparecer ao Ponto Sac, localizado na Av. Kennedy, munidos de toda a documenta\u00e7\u00e3o ou acessar o portal do Sine Bahia, na internet. Confira mais 12 vagas para esta ter\u00e7a-feira (23):<\/strong><\/p>\n<h2><strong>VAGAS DE ITAPETINGA PARA DIA 23\/07\/2024<\/strong><\/h2>\n<p><strong>CARPINTEIRO<\/strong><br \/>\n<strong>Ensino Fundamental incompleto<\/strong><br \/>\n<strong>Experi\u00eancia m\u00ednima de 06 meses<\/strong><br \/>\n<strong>Ter disponibilidade de hor\u00e1rio<\/strong><br \/>\n<strong>Residir em Itapetinga<\/strong><br \/>\n<strong>OBS: necess\u00e1rio possuir carro pr\u00f3prio e ferramentas para execu\u00e7\u00e3o dos servi\u00e7os.<\/strong><br \/>\n<strong>Sal\u00e1rio: R$ 2.327,68<\/strong><br \/>\n<strong>02 VAGAS<\/strong><\/p>\n<p><strong>PEDREIRO<\/strong><br \/>\n<strong>Ensino Fundamental Incompleto<\/strong><br \/>\n<strong>Experi\u00eancia m\u00ednima de 06 meses<\/strong><br \/>\n<strong>Ter disponibilidade de hor\u00e1rio<\/strong><br \/>\n<strong>Residir em Itapetinga <\/strong><br \/>\n<strong>OBS: necess\u00e1rio possuir carro pr\u00f3prio e ferramentas para execu\u00e7\u00e3o dos servi\u00e7os.<\/strong><br \/>\n<strong>Sal\u00e1rio: R$ 2.327,68<\/strong><br \/>\n<strong>02 VAGAS<\/strong><\/p>\n<p><strong>MEC\u00c2NICO INDUSTRIAL<\/strong><br \/>\n<strong>Ensino Fundamental Completo<\/strong><br \/>\n<strong>Experi\u00eancia m\u00ednima de 06 meses<\/strong><br \/>\n<strong>Ter Disponibilidade de Hor\u00e1rio<\/strong><br \/>\n<strong>Residir em Itapetinga<\/strong><br \/>\n<strong>01 VAGA<\/strong><\/p>\n<p><strong>SERVI\u00c7OS GERAIS (PCD)<\/strong><br \/>\n<strong>EXCLUSIVAS PARA PESSOAS COM DEFICI\u00caNCIA <\/strong><br \/>\n<strong>Ensino Fundamental Completo<\/strong><br \/>\n<strong>Experi\u00eancia m\u00ednima de 06 meses<\/strong><br \/>\n<strong>Ter disponibilidade de hor\u00e1rio<\/strong><br \/>\n<strong>Residir em Itapetinga<\/strong><br \/>\n<strong>02 VAGAS<\/strong><\/p>\n<p><strong>AUXILIAR DE LOG\u00cdSTICA<\/strong><br \/>\n<strong>Ensino M\u00e9dio Completo<\/strong><br \/>\n<strong>Experi\u00eancia m\u00ednima de 06 meses<\/strong><br \/>\n<strong>Ter disponibilidade de hor\u00e1rio<\/strong><br \/>\n<strong>Possuir CNH A e habilidades com Inform\u00e1tica<\/strong><br \/>\n<strong>01 VAGA<\/strong><\/p>\n<p><strong>AGENTE COMERCIAL<\/strong><br \/>\n<strong>Ensino M\u00e9dio Completo<\/strong><br \/>\n<strong>Experi\u00eancia m\u00ednima de 06 meses<\/strong><br \/>\n<strong>Ter Disponibilidade de hor\u00e1rio<\/strong><br \/>\n<strong>Possuir habilita\u00e7\u00e3o e ve\u00edculo pr\u00f3prio (carro\/moto)<\/strong><br \/>\n<strong>Necess\u00e1rio ter habilidades com inform\u00e1tica<\/strong><br \/>\n<strong>01 VAGA<\/strong><\/p>\n<p><strong>AUXILIAR EM LINHA DE PRODU\u00c7\u00c3O (PCD) <\/strong><br \/>\n<strong>EXCLUSIVAS PARA PESSOAS COM DEFICI\u00caNCIA <\/strong><br \/>\n<strong>N\u00e3o exige experi\u00eancia <\/strong><br \/>\n<strong>Necess\u00e1rio apresenta\u00e7\u00e3o do laudo m\u00e9dico <\/strong><br \/>\n<strong>03 VAGAS<\/strong><\/p>\n<p><img loading=\"lazy\" decoding=\"async\" class=\"alignnone size-full wp-image-118155\" src=\"https:\/\/www.sudoestehoje.com.br\/novoportal\/wp-content\/uploads\/2024\/07\/BANNER-550x110-GERAL-2-2.gif\" alt=\"\" width=\"550\" height=\"110\" \/><\/p>\n","protected":false},"excerpt":{"rendered":"<p>L\u00edder regional na gera\u00e7\u00e3o de empregos, o munic\u00edpio de Itapetinga na para de disponibilizar vagas de trabalho formal, atrav\u00e9s do Sine Bahia. Os interessados devem comparecer ao Ponto Sac, localizado na Av. Kennedy, munidos de toda a documenta\u00e7\u00e3o ou acessar o portal do Sine Bahia, na internet. Confira mais 12 vagas para esta ter\u00e7a-feira (23): [&hellip;]<\/p>\n","protected":false},"author":2,"featured_media":118136,"comment_status":"closed","ping_status":"open","sticky":false,"template":"","format":"standard","meta":{"footnotes":"","_links_to":"","_links_to_target":""},"categories":[1],"tags":[],"class_list":["post-118135","post","type-post","status-publish","format-standard","has-post-thumbnail","hentry","category-geral"],"views":1154,"_links":{"self":[{"href":"https:\/\/www.sudoestehoje.com.br\/novoportal\/wp-json\/wp\/v2\/posts\/118135","targetHints":{"allow":["GET"]}}],"collection":[{"href":"https:\/\/www.sudoestehoje.com.br\/novoportal\/wp-json\/wp\/v2\/posts"}],"about":[{"href":"https:\/\/www.sudoestehoje.com.br\/novoportal\/wp-json\/wp\/v2\/types\/post"}],"author":[{"embeddable":true,"href":"https:\/\/www.sudoestehoje.com.br\/novoportal\/wp-json\/wp\/v2\/users\/2"}],"replies":[{"embeddable":true,"href":"https:\/\/www.sudoestehoje.com.br\/novoportal\/wp-json\/wp\/v2\/comments?post=118135"}],"version-history":[{"count":4,"href":"https:\/\/www.sudoestehoje.com.br\/novoportal\/wp-json\/wp\/v2\/posts\/118135\/revisions"}],"predecessor-version":[{"id":118158,"href":"https:\/\/www.sudoestehoje.com.br\/novoportal\/wp-json\/wp\/v2\/posts\/118135\/revisions\/118158"}],"wp:featuredmedia":[{"embeddable":true,"href":"https:\/\/www.sudoestehoje.com.br\/novoportal\/wp-json\/wp\/v2\/media\/118136"}],"wp:attachment":[{"href":"https:\/\/www.sudoestehoje.com.br\/novoportal\/wp-json\/wp\/v2\/media?parent=118135"}],"wp:term":[{"taxonomy":"category","embeddable":true,"href":"https:\/\/www.sudoestehoje.com.br\/novoportal\/wp-json\/wp\/v2\/categories?post=118135"},{"taxonomy":"post_tag","embeddable":true,"href":"https:\/\/www.sudoestehoje.com.br\/novoportal\/wp-json\/wp\/v2\/tags?post=118135"}],"curies":[{"name":"wp","href":"https:\/\/api.w.org\/{rel}","templated":true}]}}