
{"id":118117,"date":"2024-07-22T11:31:47","date_gmt":"2024-07-22T14:31:47","guid":{"rendered":"https:\/\/www.sudoestehoje.com.br\/novoportal\/?p=118117"},"modified":"2024-07-22T18:52:45","modified_gmt":"2024-07-22T21:52:45","slug":"itapetinga-convencoes-do-mdb-e-partidos-aliados-acontecerao-no-dia-4-de-agosto-no-gabirabao","status":"publish","type":"post","link":"https:\/\/www.sudoestehoje.com.br\/novoportal\/2024\/07\/22\/itapetinga-convencoes-do-mdb-e-partidos-aliados-acontecerao-no-dia-4-de-agosto-no-gabirabao\/","title":{"rendered":"ITAPETINGA | CONVEN\u00c7\u00d5ES DO MDB E PARTIDOS ALIADOS ACONTECER\u00c3O NO DIA 4 DE AGOSTO, NO GABIRAB\u00c3O"},"content":{"rendered":"<p><img loading=\"lazy\" decoding=\"async\" class=\"alignnone wp-image-118114\" src=\"https:\/\/www.sudoestehoje.com.br\/novoportal\/wp-content\/uploads\/2024\/07\/a33a6f44-c1ca-4a07-be64-ca736d8270ea.jpg\" alt=\"\" width=\"550\" height=\"295\" \/><\/p>\n<p><strong>Marcadas inicialmente para o dia 1\u00ba de agosto, as conven\u00e7\u00f5es do MDB e partidos da base foram transferidas para o dia 4 de agosto, DOMINGO, a partir das 10h da manh\u00e3, no espa\u00e7o de eventos Gabirab\u00e3o, em Itapetinga.<\/strong><\/p>\n<p><strong>A partir desta segunda-feira, todos os filiados e apoiadores ser\u00e3o convidados, atrav\u00e9s da imprensa e rede sociais, para comparecerem ao evento partid\u00e1rio que homologar\u00e1 a candidatura de Eduardo Hagge a prefeito, para as elei\u00e7\u00f5es de outubro.<\/strong><\/p>\n<p><strong>ESCOLHA DO CANDIDATO A VICE-PREFEITO<\/strong><\/p>\n<p><strong>A escolha do candidato a vice-prefeito para compor a chapa majorit\u00e1ria ao lado de Eduardo Hagge, se dar\u00e1 posteriormente, pela c\u00fapula do MDB, respeitando crit\u00e9rios pol\u00edticos e peso eleitoral, al\u00e9m de considerar acordos firmados com outras agremia\u00e7\u00f5es e seus representantes no estado.<\/strong><\/p>\n<p><strong>Todos est\u00e3o convocados!<\/strong><\/p>\n<p><strong>Por Davi Ferraz\u00a0<\/strong><\/p>\n<p><img loading=\"lazy\" decoding=\"async\" class=\"alignnone wp-image-117201\" src=\"https:\/\/www.sudoestehoje.com.br\/novoportal\/wp-content\/uploads\/2024\/05\/BANNER-550x110-GERAL-2-1-1.gif\" alt=\"\" width=\"600\" height=\"120\" \/><\/p>\n","protected":false},"excerpt":{"rendered":"<p>Marcadas inicialmente para o dia 1\u00ba de agosto, as conven\u00e7\u00f5es do MDB e partidos da base foram transferidas para o dia 4 de agosto, DOMINGO, a partir das 10h da manh\u00e3, no espa\u00e7o de eventos Gabirab\u00e3o, em Itapetinga. A partir desta segunda-feira, todos os filiados e apoiadores ser\u00e3o convidados, atrav\u00e9s da imprensa e rede sociais, [&hellip;]<\/p>\n","protected":false},"author":2,"featured_media":118114,"comment_status":"closed","ping_status":"open","sticky":false,"template":"","format":"standard","meta":{"footnotes":"","_links_to":"","_links_to_target":""},"categories":[1],"tags":[],"class_list":["post-118117","post","type-post","status-publish","format-standard","has-post-thumbnail","hentry","category-geral"],"views":741,"_links":{"self":[{"href":"https:\/\/www.sudoestehoje.com.br\/novoportal\/wp-json\/wp\/v2\/posts\/118117","targetHints":{"allow":["GET"]}}],"collection":[{"href":"https:\/\/www.sudoestehoje.com.br\/novoportal\/wp-json\/wp\/v2\/posts"}],"about":[{"href":"https:\/\/www.sudoestehoje.com.br\/novoportal\/wp-json\/wp\/v2\/types\/post"}],"author":[{"embeddable":true,"href":"https:\/\/www.sudoestehoje.com.br\/novoportal\/wp-json\/wp\/v2\/users\/2"}],"replies":[{"embeddable":true,"href":"https:\/\/www.sudoestehoje.com.br\/novoportal\/wp-json\/wp\/v2\/comments?post=118117"}],"version-history":[{"count":4,"href":"https:\/\/www.sudoestehoje.com.br\/novoportal\/wp-json\/wp\/v2\/posts\/118117\/revisions"}],"predecessor-version":[{"id":118134,"href":"https:\/\/www.sudoestehoje.com.br\/novoportal\/wp-json\/wp\/v2\/posts\/118117\/revisions\/118134"}],"wp:featuredmedia":[{"embeddable":true,"href":"https:\/\/www.sudoestehoje.com.br\/novoportal\/wp-json\/wp\/v2\/media\/118114"}],"wp:attachment":[{"href":"https:\/\/www.sudoestehoje.com.br\/novoportal\/wp-json\/wp\/v2\/media?parent=118117"}],"wp:term":[{"taxonomy":"category","embeddable":true,"href":"https:\/\/www.sudoestehoje.com.br\/novoportal\/wp-json\/wp\/v2\/categories?post=118117"},{"taxonomy":"post_tag","embeddable":true,"href":"https:\/\/www.sudoestehoje.com.br\/novoportal\/wp-json\/wp\/v2\/tags?post=118117"}],"curies":[{"name":"wp","href":"https:\/\/api.w.org\/{rel}","templated":true}]}}