
{"id":118097,"date":"2024-07-20T08:03:19","date_gmt":"2024-07-20T11:03:19","guid":{"rendered":"https:\/\/www.sudoestehoje.com.br\/novoportal\/?p=118097"},"modified":"2024-07-20T21:34:40","modified_gmt":"2024-07-21T00:34:40","slug":"itapetinga-atakarejo-sera-inaugurado-em-novembro-obras-avancam","status":"publish","type":"post","link":"https:\/\/www.sudoestehoje.com.br\/novoportal\/2024\/07\/20\/itapetinga-atakarejo-sera-inaugurado-em-novembro-obras-avancam\/","title":{"rendered":"ITAPETINGA | ATAKAREJO SER\u00c1 INAUGURADO EM NOVEMBRO; OBRAS AVAN\u00c7AM"},"content":{"rendered":"<p><img loading=\"lazy\" decoding=\"async\" class=\"alignnone wp-image-118099\" src=\"https:\/\/www.sudoestehoje.com.br\/novoportal\/wp-content\/uploads\/2024\/07\/3b11f6af-b0c7-455c-88eb-60347ccce56b-600x446.jpg\" alt=\"\" width=\"550\" height=\"409\" srcset=\"https:\/\/www.sudoestehoje.com.br\/novoportal\/wp-content\/uploads\/2024\/07\/3b11f6af-b0c7-455c-88eb-60347ccce56b-600x446.jpg 600w, https:\/\/www.sudoestehoje.com.br\/novoportal\/wp-content\/uploads\/2024\/07\/3b11f6af-b0c7-455c-88eb-60347ccce56b-700x520.jpg 700w, https:\/\/www.sudoestehoje.com.br\/novoportal\/wp-content\/uploads\/2024\/07\/3b11f6af-b0c7-455c-88eb-60347ccce56b-768x570.jpg 768w, https:\/\/www.sudoestehoje.com.br\/novoportal\/wp-content\/uploads\/2024\/07\/3b11f6af-b0c7-455c-88eb-60347ccce56b.jpg 1302w\" sizes=\"auto, (max-width: 550px) 100vw, 550px\" \/><\/p>\n<p><strong>Com as obras bem adiantadas, o ATAKAD\u00c3O ATAKAREJO ser\u00e1 inaugurado at\u00e9 o final do m\u00eas de novembro de 2024, garantem os construtores.<\/strong><\/p>\n<p><strong>De acordo com prepostos da empresa encarregada da constru\u00e7\u00e3o do empreendimento, as obras est\u00e3o dentro do cronograma previamente estabelecido e ser\u00e3o entregues dentro do prazo.<\/strong><\/p>\n<p><strong>A chegada do Atakarejo em Itapetinga consolida a voca\u00e7\u00e3o da cidade como polo regional que abrange todo o M\u00e9dio Sudoeste, parte da regi\u00e3o Sul do estado e norte de Minas Gerais.<\/strong><\/p>\n<p><strong>\u00c9 o desenvolvimento voltando \u00e0 &#8216;Capital da Pecu\u00e1ria&#8217;.<\/strong><\/p>\n<p><strong>Por Davi Ferraz<\/strong><\/p>\n","protected":false},"excerpt":{"rendered":"<p>Com as obras bem adiantadas, o ATAKAD\u00c3O ATAKAREJO ser\u00e1 inaugurado at\u00e9 o final do m\u00eas de novembro de 2024, garantem os construtores. De acordo com prepostos da empresa encarregada da constru\u00e7\u00e3o do empreendimento, as obras est\u00e3o dentro do cronograma previamente estabelecido e ser\u00e3o entregues dentro do prazo. A chegada do Atakarejo em Itapetinga consolida a [&hellip;]<\/p>\n","protected":false},"author":2,"featured_media":118099,"comment_status":"closed","ping_status":"open","sticky":false,"template":"","format":"standard","meta":{"footnotes":"","_links_to":"","_links_to_target":""},"categories":[1],"tags":[],"class_list":["post-118097","post","type-post","status-publish","format-standard","has-post-thumbnail","hentry","category-geral"],"views":2769,"_links":{"self":[{"href":"https:\/\/www.sudoestehoje.com.br\/novoportal\/wp-json\/wp\/v2\/posts\/118097","targetHints":{"allow":["GET"]}}],"collection":[{"href":"https:\/\/www.sudoestehoje.com.br\/novoportal\/wp-json\/wp\/v2\/posts"}],"about":[{"href":"https:\/\/www.sudoestehoje.com.br\/novoportal\/wp-json\/wp\/v2\/types\/post"}],"author":[{"embeddable":true,"href":"https:\/\/www.sudoestehoje.com.br\/novoportal\/wp-json\/wp\/v2\/users\/2"}],"replies":[{"embeddable":true,"href":"https:\/\/www.sudoestehoje.com.br\/novoportal\/wp-json\/wp\/v2\/comments?post=118097"}],"version-history":[{"count":3,"href":"https:\/\/www.sudoestehoje.com.br\/novoportal\/wp-json\/wp\/v2\/posts\/118097\/revisions"}],"predecessor-version":[{"id":118101,"href":"https:\/\/www.sudoestehoje.com.br\/novoportal\/wp-json\/wp\/v2\/posts\/118097\/revisions\/118101"}],"wp:featuredmedia":[{"embeddable":true,"href":"https:\/\/www.sudoestehoje.com.br\/novoportal\/wp-json\/wp\/v2\/media\/118099"}],"wp:attachment":[{"href":"https:\/\/www.sudoestehoje.com.br\/novoportal\/wp-json\/wp\/v2\/media?parent=118097"}],"wp:term":[{"taxonomy":"category","embeddable":true,"href":"https:\/\/www.sudoestehoje.com.br\/novoportal\/wp-json\/wp\/v2\/categories?post=118097"},{"taxonomy":"post_tag","embeddable":true,"href":"https:\/\/www.sudoestehoje.com.br\/novoportal\/wp-json\/wp\/v2\/tags?post=118097"}],"curies":[{"name":"wp","href":"https:\/\/api.w.org\/{rel}","templated":true}]}}