
{"id":118072,"date":"2024-07-18T08:34:05","date_gmt":"2024-07-18T11:34:05","guid":{"rendered":"https:\/\/www.sudoestehoje.com.br\/novoportal\/?p=118072"},"modified":"2024-07-18T08:34:05","modified_gmt":"2024-07-18T11:34:05","slug":"com-covid-19-presidente-dos-estados-unidos-nao-descarta-abandonar-eleicoes","status":"publish","type":"post","link":"https:\/\/www.sudoestehoje.com.br\/novoportal\/2024\/07\/18\/com-covid-19-presidente-dos-estados-unidos-nao-descarta-abandonar-eleicoes\/","title":{"rendered":"COM COVID-19, PRESIDENTE DOS ESTADOS UNIDOS N\u00c3O DESCARTA ABANDONAR ELEI\u00c7\u00d5ES"},"content":{"rendered":"<p><img loading=\"lazy\" decoding=\"async\" class=\"alignnone  wp-image-118075\" src=\"https:\/\/www.sudoestehoje.com.br\/novoportal\/wp-content\/uploads\/2024\/07\/Joe-Biden-vacinacao-22-de-dezembro.jpg\" alt=\"\" width=\"549\" height=\"384\" \/><\/p>\n<p><strong>Ap\u00f3s ser diagnosticado com Covid-19 nesta quarta-feira (17), o presidente dos Estados Unidos, Joe Biden, se afastar\u00e1 das suas atividades presidenciais e eleitorais. A Casa Branca confirmou a informa\u00e7\u00e3o e afirmou que o democrata ficar\u00e1 em isolamento.<\/strong><\/p>\n<p><strong>Biden apresenta sintomas leves da doen\u00e7a, incluindo coriza, tosse e mal-estar. \u201cSeus sintomas permanecem leves, sua frequ\u00eancia respirat\u00f3ria est\u00e1 normal em 16, sua temperatura est\u00e1 normal em 97,8 [36,5\u00baC] e sua oximetria de pulso est\u00e1 normal em 97%\u201d, afirmou a Casa Branca.<\/strong><\/p>\n<p><strong>A agenda presidencial de Biden inclu\u00eda um discurso na cidade de Las Vegas, devido ao diagn\u00f3stico do mandat\u00e1rio, o evento foi cancelado. O presidente dos EUA tamb\u00e9m n\u00e3o descartou a possibilidade de deixar as corridas eleitorais, caso seus m\u00e9dicos apontassem algum problema de sa\u00fade.<\/strong><\/p>\n<p><strong>\u201cSe eu tivesse alguma condi\u00e7\u00e3o m\u00e9dica que surgisse, se algu\u00e9m, se os m\u00e9dicos viessem at\u00e9 mim e dissessem, voc\u00ea tem esse problema e aquele problema\u201d, disse o chefe da Casa Branca, em entrevista divulgada pelo canal BET News.<\/strong><\/p>\n<div>\n<div class=\"trv-player-container\">\n<div class=\"trv-wrapper\">\n<div id=\"br_video_player_3b2088ac9367efcdcc7130c27025629dc3c659f9\" class=\"trvd_video_player trvdfloater\">\n<div class=\"media-player\">\n<div class=\"trv-video\">\n<div id=\"truvid_ima_container53806\" class=\"truvid_ima_container\">\n<div><strong>Os m\u00e9dicos do presidente ainda aguardam o resultado de um exame PCR. Enquanto permanecer isolado, o democrata ficar\u00e1 em uma resid\u00eancia no estado de Delaware. A Casa Branca afirmou que o presidente tomou todas as vacinas contra a Covid-19.<\/strong><\/div>\n<\/div>\n<\/div>\n<\/div>\n<\/div>\n<\/div>\n<\/div>\n<\/div>\n","protected":false},"excerpt":{"rendered":"<p>Ap\u00f3s ser diagnosticado com Covid-19 nesta quarta-feira (17), o presidente dos Estados Unidos, Joe Biden, se afastar\u00e1 das suas atividades presidenciais e eleitorais. A Casa Branca confirmou a informa\u00e7\u00e3o e afirmou que o democrata ficar\u00e1 em isolamento. Biden apresenta sintomas leves da doen\u00e7a, incluindo coriza, tosse e mal-estar. \u201cSeus sintomas permanecem leves, sua frequ\u00eancia respirat\u00f3ria [&hellip;]<\/p>\n","protected":false},"author":2,"featured_media":118075,"comment_status":"closed","ping_status":"open","sticky":false,"template":"","format":"standard","meta":{"footnotes":"","_links_to":"","_links_to_target":""},"categories":[1],"tags":[],"class_list":["post-118072","post","type-post","status-publish","format-standard","has-post-thumbnail","hentry","category-geral"],"views":186,"_links":{"self":[{"href":"https:\/\/www.sudoestehoje.com.br\/novoportal\/wp-json\/wp\/v2\/posts\/118072","targetHints":{"allow":["GET"]}}],"collection":[{"href":"https:\/\/www.sudoestehoje.com.br\/novoportal\/wp-json\/wp\/v2\/posts"}],"about":[{"href":"https:\/\/www.sudoestehoje.com.br\/novoportal\/wp-json\/wp\/v2\/types\/post"}],"author":[{"embeddable":true,"href":"https:\/\/www.sudoestehoje.com.br\/novoportal\/wp-json\/wp\/v2\/users\/2"}],"replies":[{"embeddable":true,"href":"https:\/\/www.sudoestehoje.com.br\/novoportal\/wp-json\/wp\/v2\/comments?post=118072"}],"version-history":[{"count":3,"href":"https:\/\/www.sudoestehoje.com.br\/novoportal\/wp-json\/wp\/v2\/posts\/118072\/revisions"}],"predecessor-version":[{"id":118076,"href":"https:\/\/www.sudoestehoje.com.br\/novoportal\/wp-json\/wp\/v2\/posts\/118072\/revisions\/118076"}],"wp:featuredmedia":[{"embeddable":true,"href":"https:\/\/www.sudoestehoje.com.br\/novoportal\/wp-json\/wp\/v2\/media\/118075"}],"wp:attachment":[{"href":"https:\/\/www.sudoestehoje.com.br\/novoportal\/wp-json\/wp\/v2\/media?parent=118072"}],"wp:term":[{"taxonomy":"category","embeddable":true,"href":"https:\/\/www.sudoestehoje.com.br\/novoportal\/wp-json\/wp\/v2\/categories?post=118072"},{"taxonomy":"post_tag","embeddable":true,"href":"https:\/\/www.sudoestehoje.com.br\/novoportal\/wp-json\/wp\/v2\/tags?post=118072"}],"curies":[{"name":"wp","href":"https:\/\/api.w.org\/{rel}","templated":true}]}}