
{"id":118059,"date":"2024-07-17T11:58:48","date_gmt":"2024-07-17T14:58:48","guid":{"rendered":"https:\/\/www.sudoestehoje.com.br\/novoportal\/?p=118059"},"modified":"2024-07-17T11:58:48","modified_gmt":"2024-07-17T14:58:48","slug":"macarani-liora-preve-vitoria-de-carlinhos-com-folga-contra-selma-porto","status":"publish","type":"post","link":"https:\/\/www.sudoestehoje.com.br\/novoportal\/2024\/07\/17\/macarani-liora-preve-vitoria-de-carlinhos-com-folga-contra-selma-porto\/","title":{"rendered":"MACARANI | LIORA PREV\u00ca VIT\u00d3RIA DE CARLINHOS, COM FOLGA, CONTRA SELMA PORTO"},"content":{"rendered":"<p><img loading=\"lazy\" decoding=\"async\" class=\"alignnone  wp-image-118061\" src=\"https:\/\/www.sudoestehoje.com.br\/novoportal\/wp-content\/uploads\/2024\/07\/WhatsApp-Image-2024-07-17-at-11.52.53-600x338.jpeg\" alt=\"\" width=\"550\" height=\"310\" srcset=\"https:\/\/www.sudoestehoje.com.br\/novoportal\/wp-content\/uploads\/2024\/07\/WhatsApp-Image-2024-07-17-at-11.52.53-600x338.jpeg 600w, https:\/\/www.sudoestehoje.com.br\/novoportal\/wp-content\/uploads\/2024\/07\/WhatsApp-Image-2024-07-17-at-11.52.53-700x394.jpeg 700w, https:\/\/www.sudoestehoje.com.br\/novoportal\/wp-content\/uploads\/2024\/07\/WhatsApp-Image-2024-07-17-at-11.52.53-768x432.jpeg 768w, https:\/\/www.sudoestehoje.com.br\/novoportal\/wp-content\/uploads\/2024\/07\/WhatsApp-Image-2024-07-17-at-11.52.53-1536x865.jpeg 1536w, https:\/\/www.sudoestehoje.com.br\/novoportal\/wp-content\/uploads\/2024\/07\/WhatsApp-Image-2024-07-17-at-11.52.53.jpeg 1600w\" sizes=\"auto, (max-width: 550px) 100vw, 550px\" \/><\/p>\n<p><strong>Na manh\u00e3 desta quarta-feira (17), o Sudoeste Hoje conversou com o pr\u00e9-candidato a vereador em Macarani o popular Liora (MDB), sobre as possibilidades de elei\u00e7\u00e3o no munic\u00edpio, onde a disputa entre o ex-prefeito Carlinhos Macedo (MDB) e a atual prefeita Selma Porto (PSD), est\u00e1 acirrada.<\/strong><\/p>\n<p><strong>Segundo Liora, a candidatura da atual prefeita vem sofrendo um enorme desgaste, enquanto Carlinhos vem crescendo em ritmo acelerado e j\u00e1 desponta como franco favorito para vencer a elei\u00e7\u00e3o em 6 de outubro.<\/strong><\/p>\n<p><strong><em>&#8220;O nome de Carlinhos em Macarani \u00e9 muito forte e conta com uma rede de apoios invej\u00e1vel, ao contr\u00e1rio da atual prefeita, que s\u00f3 faz perder for\u00e7a, devido ao enorme desgaste da sua gest\u00e3o. Al\u00e9m disto, h\u00e1 um sentimento de mudan\u00e7a muito forte em Macarani, o que dever\u00e1 prevalecer nestas elei\u00e7\u00f5es&#8221;<\/em>, destacou Liora.\u00a0<\/strong><\/p>\n<p><strong>Atuante na pol\u00edtica de Macarani, o ex-secret\u00e1rio Liora desponta como um dos favoritos a conquistar uma vaga na C\u00e2mara Municipal, com vota\u00e7\u00e3o expressiva.<\/strong><\/p>\n<p><strong>Por Davi Ferraz<\/strong><\/p>\n","protected":false},"excerpt":{"rendered":"<p>Na manh\u00e3 desta quarta-feira (17), o Sudoeste Hoje conversou com o pr\u00e9-candidato a vereador em Macarani o popular Liora (MDB), sobre as possibilidades de elei\u00e7\u00e3o no munic\u00edpio, onde a disputa entre o ex-prefeito Carlinhos Macedo (MDB) e a atual prefeita Selma Porto (PSD), est\u00e1 acirrada. Segundo Liora, a candidatura da atual prefeita vem sofrendo um [&hellip;]<\/p>\n","protected":false},"author":2,"featured_media":118061,"comment_status":"closed","ping_status":"open","sticky":false,"template":"","format":"standard","meta":{"footnotes":"","_links_to":"","_links_to_target":""},"categories":[1],"tags":[],"class_list":["post-118059","post","type-post","status-publish","format-standard","has-post-thumbnail","hentry","category-geral"],"views":1464,"_links":{"self":[{"href":"https:\/\/www.sudoestehoje.com.br\/novoportal\/wp-json\/wp\/v2\/posts\/118059","targetHints":{"allow":["GET"]}}],"collection":[{"href":"https:\/\/www.sudoestehoje.com.br\/novoportal\/wp-json\/wp\/v2\/posts"}],"about":[{"href":"https:\/\/www.sudoestehoje.com.br\/novoportal\/wp-json\/wp\/v2\/types\/post"}],"author":[{"embeddable":true,"href":"https:\/\/www.sudoestehoje.com.br\/novoportal\/wp-json\/wp\/v2\/users\/2"}],"replies":[{"embeddable":true,"href":"https:\/\/www.sudoestehoje.com.br\/novoportal\/wp-json\/wp\/v2\/comments?post=118059"}],"version-history":[{"count":2,"href":"https:\/\/www.sudoestehoje.com.br\/novoportal\/wp-json\/wp\/v2\/posts\/118059\/revisions"}],"predecessor-version":[{"id":118062,"href":"https:\/\/www.sudoestehoje.com.br\/novoportal\/wp-json\/wp\/v2\/posts\/118059\/revisions\/118062"}],"wp:featuredmedia":[{"embeddable":true,"href":"https:\/\/www.sudoestehoje.com.br\/novoportal\/wp-json\/wp\/v2\/media\/118061"}],"wp:attachment":[{"href":"https:\/\/www.sudoestehoje.com.br\/novoportal\/wp-json\/wp\/v2\/media?parent=118059"}],"wp:term":[{"taxonomy":"category","embeddable":true,"href":"https:\/\/www.sudoestehoje.com.br\/novoportal\/wp-json\/wp\/v2\/categories?post=118059"},{"taxonomy":"post_tag","embeddable":true,"href":"https:\/\/www.sudoestehoje.com.br\/novoportal\/wp-json\/wp\/v2\/tags?post=118059"}],"curies":[{"name":"wp","href":"https:\/\/api.w.org\/{rel}","templated":true}]}}