
{"id":118013,"date":"2024-07-15T18:03:14","date_gmt":"2024-07-15T21:03:14","guid":{"rendered":"https:\/\/www.sudoestehoje.com.br\/novoportal\/?p=118013"},"modified":"2024-07-15T18:03:14","modified_gmt":"2024-07-15T21:03:14","slug":"ao-lado-de-lula-antonio-brito-participa-da-recepcao-ao-presidente-da-italia","status":"publish","type":"post","link":"https:\/\/www.sudoestehoje.com.br\/novoportal\/2024\/07\/15\/ao-lado-de-lula-antonio-brito-participa-da-recepcao-ao-presidente-da-italia\/","title":{"rendered":"AO LADO DE LULA, ANT\u00d4NIO BRITO PARTICIPA DA RECEP\u00c7\u00c3O AO PRESIDENTE DA IT\u00c1LIA"},"content":{"rendered":"<p><img loading=\"lazy\" decoding=\"async\" class=\"alignnone  wp-image-118015\" src=\"https:\/\/www.sudoestehoje.com.br\/novoportal\/wp-content\/uploads\/2024\/07\/e9f6fadc-757c-4c4f-a21f-09df6abf041f-600x410.jpg\" alt=\"\" width=\"551\" height=\"376\" srcset=\"https:\/\/www.sudoestehoje.com.br\/novoportal\/wp-content\/uploads\/2024\/07\/e9f6fadc-757c-4c4f-a21f-09df6abf041f-600x410.jpg 600w, https:\/\/www.sudoestehoje.com.br\/novoportal\/wp-content\/uploads\/2024\/07\/e9f6fadc-757c-4c4f-a21f-09df6abf041f-700x479.jpg 700w, https:\/\/www.sudoestehoje.com.br\/novoportal\/wp-content\/uploads\/2024\/07\/e9f6fadc-757c-4c4f-a21f-09df6abf041f-768x525.jpg 768w, https:\/\/www.sudoestehoje.com.br\/novoportal\/wp-content\/uploads\/2024\/07\/e9f6fadc-757c-4c4f-a21f-09df6abf041f.jpg 1280w\" sizes=\"auto, (max-width: 551px) 100vw, 551px\" \/><\/p>\n<p><strong>O l\u00edder do PSD na C\u00e2mara, deputado Antonio Brito, compareceu hoje (15), no Pal\u00e1cio Itamaraty, ao almo\u00e7o oferecido pelo presidente Lula ao presidente da It\u00e1lia, Sergio Mattarella. <\/strong><\/p>\n<p><strong>Durante o encontro, o presidente italiano informou que visitar\u00e1 diversos estados brasileiros, a exemplo da Bahia, diante da import\u00e2ncia do estado nordestino para o pa\u00eds.<\/strong><\/p>\n<p><strong> Ainda no almo\u00e7o, Brito dialogou com representa\u00e7\u00f5es do governo italiano e de outros pa\u00edses sobre o necessidade do estreitamento entre os parlamento das na\u00e7\u00f5es. Considerada uma parceira estrat\u00e9gica do Brasil, a It\u00e1lia \u00e9 uma das principais origens de investimento direto da Uni\u00e3o Europeia no Brasil.<\/strong><\/p>\n","protected":false},"excerpt":{"rendered":"<p>O l\u00edder do PSD na C\u00e2mara, deputado Antonio Brito, compareceu hoje (15), no Pal\u00e1cio Itamaraty, ao almo\u00e7o oferecido pelo presidente Lula ao presidente da It\u00e1lia, Sergio Mattarella. Durante o encontro, o presidente italiano informou que visitar\u00e1 diversos estados brasileiros, a exemplo da Bahia, diante da import\u00e2ncia do estado nordestino para o pa\u00eds. Ainda no almo\u00e7o, [&hellip;]<\/p>\n","protected":false},"author":2,"featured_media":118015,"comment_status":"closed","ping_status":"open","sticky":false,"template":"","format":"standard","meta":{"footnotes":"","_links_to":"","_links_to_target":""},"categories":[1],"tags":[],"class_list":["post-118013","post","type-post","status-publish","format-standard","has-post-thumbnail","hentry","category-geral"],"views":431,"_links":{"self":[{"href":"https:\/\/www.sudoestehoje.com.br\/novoportal\/wp-json\/wp\/v2\/posts\/118013","targetHints":{"allow":["GET"]}}],"collection":[{"href":"https:\/\/www.sudoestehoje.com.br\/novoportal\/wp-json\/wp\/v2\/posts"}],"about":[{"href":"https:\/\/www.sudoestehoje.com.br\/novoportal\/wp-json\/wp\/v2\/types\/post"}],"author":[{"embeddable":true,"href":"https:\/\/www.sudoestehoje.com.br\/novoportal\/wp-json\/wp\/v2\/users\/2"}],"replies":[{"embeddable":true,"href":"https:\/\/www.sudoestehoje.com.br\/novoportal\/wp-json\/wp\/v2\/comments?post=118013"}],"version-history":[{"count":2,"href":"https:\/\/www.sudoestehoje.com.br\/novoportal\/wp-json\/wp\/v2\/posts\/118013\/revisions"}],"predecessor-version":[{"id":118016,"href":"https:\/\/www.sudoestehoje.com.br\/novoportal\/wp-json\/wp\/v2\/posts\/118013\/revisions\/118016"}],"wp:featuredmedia":[{"embeddable":true,"href":"https:\/\/www.sudoestehoje.com.br\/novoportal\/wp-json\/wp\/v2\/media\/118015"}],"wp:attachment":[{"href":"https:\/\/www.sudoestehoje.com.br\/novoportal\/wp-json\/wp\/v2\/media?parent=118013"}],"wp:term":[{"taxonomy":"category","embeddable":true,"href":"https:\/\/www.sudoestehoje.com.br\/novoportal\/wp-json\/wp\/v2\/categories?post=118013"},{"taxonomy":"post_tag","embeddable":true,"href":"https:\/\/www.sudoestehoje.com.br\/novoportal\/wp-json\/wp\/v2\/tags?post=118013"}],"curies":[{"name":"wp","href":"https:\/\/api.w.org\/{rel}","templated":true}]}}