
{"id":117993,"date":"2024-07-13T20:16:47","date_gmt":"2024-07-13T23:16:47","guid":{"rendered":"https:\/\/www.sudoestehoje.com.br\/novoportal\/?p=117993"},"modified":"2024-07-13T20:25:21","modified_gmt":"2024-07-13T23:25:21","slug":"cavaleiro-de-itapetinga-e-campeao-em-prova-funcional-do-mangalarga-em-brasilia-2","status":"publish","type":"post","link":"https:\/\/www.sudoestehoje.com.br\/novoportal\/2024\/07\/13\/cavaleiro-de-itapetinga-e-campeao-em-prova-funcional-do-mangalarga-em-brasilia-2\/","title":{"rendered":"CAVALEIRO DE ITAPETINGA \u00c9 CAMPE\u00c3O EM PROVA FUNCIONAL DO MANGALARGA EM BRAS\u00cdLIA"},"content":{"rendered":"<p><img loading=\"lazy\" decoding=\"async\" class=\"alignnone wp-image-117982\" src=\"https:\/\/www.sudoestehoje.com.br\/novoportal\/wp-content\/uploads\/2024\/07\/WhatsApp-Image-2024-07-13-at-19.45.13-600x450.jpeg\" alt=\"\" width=\"549\" height=\"412\" srcset=\"https:\/\/www.sudoestehoje.com.br\/novoportal\/wp-content\/uploads\/2024\/07\/WhatsApp-Image-2024-07-13-at-19.45.13-600x450.jpeg 600w, https:\/\/www.sudoestehoje.com.br\/novoportal\/wp-content\/uploads\/2024\/07\/WhatsApp-Image-2024-07-13-at-19.45.13-700x525.jpeg 700w, https:\/\/www.sudoestehoje.com.br\/novoportal\/wp-content\/uploads\/2024\/07\/WhatsApp-Image-2024-07-13-at-19.45.13-768x576.jpeg 768w, https:\/\/www.sudoestehoje.com.br\/novoportal\/wp-content\/uploads\/2024\/07\/WhatsApp-Image-2024-07-13-at-19.45.13.jpeg 1280w\" sizes=\"auto, (max-width: 549px) 100vw, 549px\" \/><\/p>\n<p><strong>Representando Itapetinga e a Bahia, o jovem Matheus Lima Queiroz conquistou a 1\u00aa, 4\u00aa e 5\u00aa coloca\u00e7\u00f5es na prova funcional do Mangalarga, realizada durante a Exposi\u00e7\u00e3o Nacional do Mangalarga, na Granja do Torto, em Bras\u00edlia, Distrito Federal.<\/strong><\/p>\n<p><img loading=\"lazy\" decoding=\"async\" class=\"alignnone wp-image-117991\" src=\"https:\/\/www.sudoestehoje.com.br\/novoportal\/wp-content\/uploads\/2024\/07\/643ce419-2146-4773-9573-d5f648857866-1-600x509.jpg\" alt=\"\" width=\"550\" height=\"467\" srcset=\"https:\/\/www.sudoestehoje.com.br\/novoportal\/wp-content\/uploads\/2024\/07\/643ce419-2146-4773-9573-d5f648857866-1-600x509.jpg 600w, https:\/\/www.sudoestehoje.com.br\/novoportal\/wp-content\/uploads\/2024\/07\/643ce419-2146-4773-9573-d5f648857866-1-700x593.jpg 700w, https:\/\/www.sudoestehoje.com.br\/novoportal\/wp-content\/uploads\/2024\/07\/643ce419-2146-4773-9573-d5f648857866-1-768x651.jpg 768w, https:\/\/www.sudoestehoje.com.br\/novoportal\/wp-content\/uploads\/2024\/07\/643ce419-2146-4773-9573-d5f648857866-1-1536x1302.jpg 1536w, https:\/\/www.sudoestehoje.com.br\/novoportal\/wp-content\/uploads\/2024\/07\/643ce419-2146-4773-9573-d5f648857866-1-2048x1736.jpg 2048w\" sizes=\"auto, (max-width: 550px) 100vw, 550px\" \/><\/p>\n<p><strong>Matheus \u00e9 filho do renomado m\u00e9dico oftalmologista Jivago Queiroz, um dos maiores criadores e expositores da ra\u00e7a Mangalarga na Bahia, colecionador de pr\u00eamios em eventos da ra\u00e7a em todo o Brasil. Confira v\u00eddeo:<\/strong><\/p>\n<div style=\"width: 848px;\" class=\"wp-video\"><!--[if lt IE 9]><script>document.createElement('video');<\/script><![endif]-->\n<video class=\"wp-video-shortcode\" id=\"video-117993-1\" width=\"848\" height=\"478\" preload=\"metadata\" controls=\"controls\"><source type=\"video\/mp4\" src=\"https:\/\/www.sudoestehoje.com.br\/novoportal\/wp-content\/uploads\/2024\/07\/WhatsApp-Video-2024-07-13-at-19.44.24.mp4?_=1\" \/><a href=\"https:\/\/www.sudoestehoje.com.br\/novoportal\/wp-content\/uploads\/2024\/07\/WhatsApp-Video-2024-07-13-at-19.44.24.mp4\">https:\/\/www.sudoestehoje.com.br\/novoportal\/wp-content\/uploads\/2024\/07\/WhatsApp-Video-2024-07-13-at-19.44.24.mp4<\/a><\/video><\/div>\n","protected":false},"excerpt":{"rendered":"<p>Representando Itapetinga e a Bahia, o jovem Matheus Lima Queiroz conquistou a 1\u00aa, 4\u00aa e 5\u00aa coloca\u00e7\u00f5es na prova funcional do Mangalarga, realizada durante a Exposi\u00e7\u00e3o Nacional do Mangalarga, na Granja do Torto, em Bras\u00edlia, Distrito Federal. Matheus \u00e9 filho do renomado m\u00e9dico oftalmologista Jivago Queiroz, um dos maiores criadores e expositores da ra\u00e7a Mangalarga [&hellip;]<\/p>\n","protected":false},"author":2,"featured_media":117982,"comment_status":"closed","ping_status":"open","sticky":false,"template":"","format":"standard","meta":{"footnotes":"","_links_to":"","_links_to_target":""},"categories":[1],"tags":[],"class_list":["post-117993","post","type-post","status-publish","format-standard","has-post-thumbnail","hentry","category-geral"],"views":993,"_links":{"self":[{"href":"https:\/\/www.sudoestehoje.com.br\/novoportal\/wp-json\/wp\/v2\/posts\/117993","targetHints":{"allow":["GET"]}}],"collection":[{"href":"https:\/\/www.sudoestehoje.com.br\/novoportal\/wp-json\/wp\/v2\/posts"}],"about":[{"href":"https:\/\/www.sudoestehoje.com.br\/novoportal\/wp-json\/wp\/v2\/types\/post"}],"author":[{"embeddable":true,"href":"https:\/\/www.sudoestehoje.com.br\/novoportal\/wp-json\/wp\/v2\/users\/2"}],"replies":[{"embeddable":true,"href":"https:\/\/www.sudoestehoje.com.br\/novoportal\/wp-json\/wp\/v2\/comments?post=117993"}],"version-history":[{"count":2,"href":"https:\/\/www.sudoestehoje.com.br\/novoportal\/wp-json\/wp\/v2\/posts\/117993\/revisions"}],"predecessor-version":[{"id":117995,"href":"https:\/\/www.sudoestehoje.com.br\/novoportal\/wp-json\/wp\/v2\/posts\/117993\/revisions\/117995"}],"wp:featuredmedia":[{"embeddable":true,"href":"https:\/\/www.sudoestehoje.com.br\/novoportal\/wp-json\/wp\/v2\/media\/117982"}],"wp:attachment":[{"href":"https:\/\/www.sudoestehoje.com.br\/novoportal\/wp-json\/wp\/v2\/media?parent=117993"}],"wp:term":[{"taxonomy":"category","embeddable":true,"href":"https:\/\/www.sudoestehoje.com.br\/novoportal\/wp-json\/wp\/v2\/categories?post=117993"},{"taxonomy":"post_tag","embeddable":true,"href":"https:\/\/www.sudoestehoje.com.br\/novoportal\/wp-json\/wp\/v2\/tags?post=117993"}],"curies":[{"name":"wp","href":"https:\/\/api.w.org\/{rel}","templated":true}]}}