
{"id":11799,"date":"2012-01-06T00:16:14","date_gmt":"2012-01-06T03:16:14","guid":{"rendered":"http:\/\/www.sudoestehoje.com.br\/novoportal\/?p=11799"},"modified":"2012-01-06T00:16:14","modified_gmt":"2012-01-06T03:16:14","slug":"rui-costa-assume-casa-civil-com-pinta-de-candidato-ao-governo","status":"publish","type":"post","link":"https:\/\/www.sudoestehoje.com.br\/novoportal\/2012\/01\/06\/rui-costa-assume-casa-civil-com-pinta-de-candidato-ao-governo\/","title":{"rendered":"RUI COSTA ASSUME CASA CIVIL COM PINTA DE CANDIDATO AO GOVERNO"},"content":{"rendered":"<p style=\"text-align: center;\"><img loading=\"lazy\" decoding=\"async\" class=\"aligncenter\" src=\"http:\/\/www.bahiatododia.com.br\/spn-admin\/midias\/imagens\/artigos\/10400_foto%20rui.JPG\" alt=\"\" width=\"400\" height=\"267\" \/><\/p>\n<h3 style=\"text-align: center;\">&#8216;Favorito&#8217; de Wagner assume com toda pompa<\/h3>\n<p>Rui Costa pode n\u00e3o ser unanimidade dentro do PT para suceder Jaques Wagner em 2014, mas as vozes dos que estiveram presentes, na manh\u00e3 de hoje, na posse dele como chefe da Casa Civil, foram \u00a0un\u00edssonas. O cen\u00e1rio era de um lan\u00e7amento de candidatura. Audit\u00f3rio e a \u00e1rea externa da Funda\u00e7\u00e3o Luiz Eduardo Magalh\u00e3es lotados. Dos 417 prefeitos baianos, 200 estiveram por l\u00e1, al\u00e9m de deputados federais e estaduais, os ministros Afonso Florence (Desenvolvimento Social) e M\u00e1rio Negromonte (Cidades) e toda a c\u00fapula do governo estadual. A quantidade de pessoas virou at\u00e9 motivo de gracejo por parte do governador Jaques Wagner. \u201cAo chegar aqui tomei at\u00e9 um susto. Pensei \u00a0que estivesse na Lavagem do Bonfim\u201d, brincou.<\/p>\n<p>Em entrevista \u00e0 imprensa, Rui Costa nega que sua ida para a Casa Civil seja uma forma de Wagner preparar seu nome para a sucess\u00e3o daqui a dois anos. \u201cQuem fala da sucess\u00e3o de 2014 n\u00e3o pode ser amigo do governador. Estou voltando ao governo para ajudar Wagner a tocar importantes projetos para a Bahia, para que o estado continue avan\u00e7ando\u201d, frisou.<\/p>\n","protected":false},"excerpt":{"rendered":"<p>&#8216;Favorito&#8217; de Wagner assume com toda pompa Rui Costa pode n\u00e3o ser unanimidade dentro do PT para suceder Jaques Wagner em 2014, mas as vozes dos que estiveram presentes, na manh\u00e3 de hoje, na posse dele como chefe da Casa Civil, foram \u00a0un\u00edssonas. O cen\u00e1rio era de um lan\u00e7amento de candidatura. Audit\u00f3rio e a \u00e1rea [&hellip;]<\/p>\n","protected":false},"author":2,"featured_media":0,"comment_status":"open","ping_status":"open","sticky":false,"template":"","format":"standard","meta":{"footnotes":"","_links_to":"","_links_to_target":""},"categories":[1],"tags":[],"class_list":["post-11799","post","type-post","status-publish","format-standard","hentry","category-geral"],"views":1101,"_links":{"self":[{"href":"https:\/\/www.sudoestehoje.com.br\/novoportal\/wp-json\/wp\/v2\/posts\/11799","targetHints":{"allow":["GET"]}}],"collection":[{"href":"https:\/\/www.sudoestehoje.com.br\/novoportal\/wp-json\/wp\/v2\/posts"}],"about":[{"href":"https:\/\/www.sudoestehoje.com.br\/novoportal\/wp-json\/wp\/v2\/types\/post"}],"author":[{"embeddable":true,"href":"https:\/\/www.sudoestehoje.com.br\/novoportal\/wp-json\/wp\/v2\/users\/2"}],"replies":[{"embeddable":true,"href":"https:\/\/www.sudoestehoje.com.br\/novoportal\/wp-json\/wp\/v2\/comments?post=11799"}],"version-history":[{"count":5,"href":"https:\/\/www.sudoestehoje.com.br\/novoportal\/wp-json\/wp\/v2\/posts\/11799\/revisions"}],"predecessor-version":[{"id":11804,"href":"https:\/\/www.sudoestehoje.com.br\/novoportal\/wp-json\/wp\/v2\/posts\/11799\/revisions\/11804"}],"wp:attachment":[{"href":"https:\/\/www.sudoestehoje.com.br\/novoportal\/wp-json\/wp\/v2\/media?parent=11799"}],"wp:term":[{"taxonomy":"category","embeddable":true,"href":"https:\/\/www.sudoestehoje.com.br\/novoportal\/wp-json\/wp\/v2\/categories?post=11799"},{"taxonomy":"post_tag","embeddable":true,"href":"https:\/\/www.sudoestehoje.com.br\/novoportal\/wp-json\/wp\/v2\/tags?post=11799"}],"curies":[{"name":"wp","href":"https:\/\/api.w.org\/{rel}","templated":true}]}}