
{"id":117969,"date":"2024-07-12T21:04:16","date_gmt":"2024-07-13T00:04:16","guid":{"rendered":"https:\/\/www.sudoestehoje.com.br\/novoportal\/?p=117969"},"modified":"2024-07-12T21:22:18","modified_gmt":"2024-07-13T00:22:18","slug":"mp-vai-atuar-no-combate-ao-uso-de-fogos-de-artificio-durante-campanha-eleitoral","status":"publish","type":"post","link":"https:\/\/www.sudoestehoje.com.br\/novoportal\/2024\/07\/12\/mp-vai-atuar-no-combate-ao-uso-de-fogos-de-artificio-durante-campanha-eleitoral\/","title":{"rendered":"MP VAI ATUAR NO COMBATE AO USO DE FOGOS DE ARTIF\u00cdCIO DURANTE CAMPANHA ELEITORAL"},"content":{"rendered":"<p><img loading=\"lazy\" decoding=\"async\" class=\"alignnone wp-image-117962\" src=\"https:\/\/www.sudoestehoje.com.br\/novoportal\/wp-content\/uploads\/2024\/07\/rojao-600x360.png\" alt=\"\" width=\"550\" height=\"330\" srcset=\"https:\/\/www.sudoestehoje.com.br\/novoportal\/wp-content\/uploads\/2024\/07\/rojao-600x360.png 600w, https:\/\/www.sudoestehoje.com.br\/novoportal\/wp-content\/uploads\/2024\/07\/rojao-700x420.png 700w, https:\/\/www.sudoestehoje.com.br\/novoportal\/wp-content\/uploads\/2024\/07\/rojao-768x461.png 768w, https:\/\/www.sudoestehoje.com.br\/novoportal\/wp-content\/uploads\/2024\/07\/rojao.png 1086w\" sizes=\"auto, (max-width: 550px) 100vw, 550px\" \/><\/p>\n<p><strong>Atrav\u00e9s de Recomenda\u00e7\u00e3o direcionada aos partidos pol\u00edticos, o Minist\u00e9rio P\u00fablico da Bahia, atrav\u00e9s da Promotoria Eleitoral da 140\u00aa Zona, em Itapetinga, decidiu baixar normas visando evitar o uso de fogos de artif\u00edcio durante o per\u00edodo da pr\u00e9-campanha e todo o processo eleitoral no munic\u00edpio.<\/strong><\/p>\n<p><strong>Al\u00e9m de alertar os partidos pol\u00edticos sobre os preju\u00edzos causados pela emiss\u00e3o de ru\u00eddos que trazem malef\u00edcios ao ser humano, animais e, especialmente, \u00e0s pessoas portadoras de &#8216;Expectro Autista&#8217;, a promotora Solange Anat\u00f3lio do Esp\u00edrito Sando recomendou as pol\u00edcias Militar e Civil a adotarem todas as medidas legais no combate ao uso, armazenamento e transporte ilegais de fogos de artif\u00edcio nesse per\u00edodo.<\/strong><\/p>\n<p><strong>Confira o link abaixo com recomenda\u00e7\u00e3o da MP:<\/strong><\/p>\n<p><span style=\"color: #0000ff;\"><strong><a style=\"color: #0000ff;\" href=\"https:\/\/www.sudoestehoje.com.br\/novoportal\/wp-content\/uploads\/2024\/07\/19781553-RECOMENDACAO-ELEITORAL-POLUICAO-SONORA-EM-EVENTOS-ELEITORAIS-FOGOS-DE-ARTIFICIO-PORTADORES-DE-TRANSTOR-1.pdf\">RECOMENDA\u00c7\u00c3O ELEITORAL POLUI\u00c7\u00c3O SONORA EM EVENTOS ELEITORAIS FOGOS DE ARTIF\u00cdCIO<\/a><\/strong><\/span><\/p>\n<p>Por Davi Ferraz<\/p>\n","protected":false},"excerpt":{"rendered":"<p>Atrav\u00e9s de Recomenda\u00e7\u00e3o direcionada aos partidos pol\u00edticos, o Minist\u00e9rio P\u00fablico da Bahia, atrav\u00e9s da Promotoria Eleitoral da 140\u00aa Zona, em Itapetinga, decidiu baixar normas visando evitar o uso de fogos de artif\u00edcio durante o per\u00edodo da pr\u00e9-campanha e todo o processo eleitoral no munic\u00edpio. Al\u00e9m de alertar os partidos pol\u00edticos sobre os preju\u00edzos causados pela [&hellip;]<\/p>\n","protected":false},"author":2,"featured_media":117962,"comment_status":"closed","ping_status":"open","sticky":false,"template":"","format":"standard","meta":{"footnotes":"","_links_to":"","_links_to_target":""},"categories":[1],"tags":[],"class_list":["post-117969","post","type-post","status-publish","format-standard","has-post-thumbnail","hentry","category-geral"],"views":612,"_links":{"self":[{"href":"https:\/\/www.sudoestehoje.com.br\/novoportal\/wp-json\/wp\/v2\/posts\/117969","targetHints":{"allow":["GET"]}}],"collection":[{"href":"https:\/\/www.sudoestehoje.com.br\/novoportal\/wp-json\/wp\/v2\/posts"}],"about":[{"href":"https:\/\/www.sudoestehoje.com.br\/novoportal\/wp-json\/wp\/v2\/types\/post"}],"author":[{"embeddable":true,"href":"https:\/\/www.sudoestehoje.com.br\/novoportal\/wp-json\/wp\/v2\/users\/2"}],"replies":[{"embeddable":true,"href":"https:\/\/www.sudoestehoje.com.br\/novoportal\/wp-json\/wp\/v2\/comments?post=117969"}],"version-history":[{"count":2,"href":"https:\/\/www.sudoestehoje.com.br\/novoportal\/wp-json\/wp\/v2\/posts\/117969\/revisions"}],"predecessor-version":[{"id":117971,"href":"https:\/\/www.sudoestehoje.com.br\/novoportal\/wp-json\/wp\/v2\/posts\/117969\/revisions\/117971"}],"wp:featuredmedia":[{"embeddable":true,"href":"https:\/\/www.sudoestehoje.com.br\/novoportal\/wp-json\/wp\/v2\/media\/117962"}],"wp:attachment":[{"href":"https:\/\/www.sudoestehoje.com.br\/novoportal\/wp-json\/wp\/v2\/media?parent=117969"}],"wp:term":[{"taxonomy":"category","embeddable":true,"href":"https:\/\/www.sudoestehoje.com.br\/novoportal\/wp-json\/wp\/v2\/categories?post=117969"},{"taxonomy":"post_tag","embeddable":true,"href":"https:\/\/www.sudoestehoje.com.br\/novoportal\/wp-json\/wp\/v2\/tags?post=117969"}],"curies":[{"name":"wp","href":"https:\/\/api.w.org\/{rel}","templated":true}]}}