
{"id":117948,"date":"2024-07-12T11:59:16","date_gmt":"2024-07-12T14:59:16","guid":{"rendered":"https:\/\/www.sudoestehoje.com.br\/novoportal\/?p=117948"},"modified":"2024-07-12T21:26:59","modified_gmt":"2024-07-13T00:26:59","slug":"urgente-justica-nega-mandado-de-seguranca-a-joao-de-deus-e-reconhece-acumulo-de-funcoes-na-guarda-e-na-presidencia-da-camara","status":"publish","type":"post","link":"https:\/\/www.sudoestehoje.com.br\/novoportal\/2024\/07\/12\/urgente-justica-nega-mandado-de-seguranca-a-joao-de-deus-e-reconhece-acumulo-de-funcoes-na-guarda-e-na-presidencia-da-camara\/","title":{"rendered":"URGENTE ! JUSTI\u00c7A NEGA MANDADO DE SEGURAN\u00c7A A JO\u00c3O DE DEUS E RECONHECE AC\u00daMULO DE FUN\u00c7\u00d5ES NA GUARDA E NA PRESID\u00caNCIA DA C\u00c2MARA"},"content":{"rendered":"<p><img loading=\"lazy\" decoding=\"async\" class=\"alignnone wp-image-117951\" src=\"https:\/\/www.sudoestehoje.com.br\/novoportal\/wp-content\/uploads\/2024\/07\/WhatsApp-Image-2023-03-06-at-12.09.40-1.jpeg\" alt=\"\" width=\"548\" height=\"322\" \/><\/p>\n<p><strong>Em decis\u00e3o de m\u00e9rito no processo do Mandado de Seguran\u00e7a impetrado pelo presidente da C\u00e2mara Municipal, vereador Jo\u00e3o de Deus, a justi\u00e7a NEGOU a concess\u00e3o da medida e reconheceu a exist\u00eancia do AC\u00daMULO ILEGAL DE CARGOS por parte do edil, durante o per\u00edodo de desempenho da presid\u00eancia da Casa Legislativa.<\/strong><\/p>\n<p><strong>INCOMPATIBILIDADE DE HOR\u00c1RIOS<\/strong><\/p>\n<p><strong>Na decis\u00e3o, a justi\u00e7a entendeu que existe incompatibilidade de hor\u00e1rios no exerc\u00edcio da fun\u00e7\u00e3o do vereador na Guarda Municipal e na presid\u00eancia, como aduzira o poder executivo, em aten\u00e7\u00e3o a uma notifica\u00e7\u00e3o do TCM.<\/strong><\/p>\n<p><strong>DEVOLU\u00c7\u00c3O DOS SAL\u00c1RIOS ILEGAIS<\/strong><\/p>\n<p><strong>Diante da decis\u00e3o, o vereador ter\u00e1 que restituir ao er\u00e1rio p\u00fablico todos os valores recebidos de forma ilegal, durante todo o per\u00edodo do ac\u00famulo.<\/strong><\/p>\n<p><strong>O vereador Jo\u00e3o de Deus \u00e9 pr\u00e9-candidato a prefeito pelo PT<\/strong>.<\/p>\n<p><strong>Clique e confira a decis\u00e3o:<\/strong><\/p>\n<p><span style=\"color: #0000ff;\"><strong><a style=\"color: #0000ff;\" href=\"https:\/\/www.sudoestehoje.com.br\/novoportal\/wp-content\/uploads\/2024\/07\/8002026-24.2023.8.05.0126_452705537.pdf\">8002026-24.2023.8.05.0126_452705537<\/a><\/strong><\/span><\/p>\n<p><strong>Por Davi Ferraz<\/strong><\/p>\n","protected":false},"excerpt":{"rendered":"<p>Em decis\u00e3o de m\u00e9rito no processo do Mandado de Seguran\u00e7a impetrado pelo presidente da C\u00e2mara Municipal, vereador Jo\u00e3o de Deus, a justi\u00e7a NEGOU a concess\u00e3o da medida e reconheceu a exist\u00eancia do AC\u00daMULO ILEGAL DE CARGOS por parte do edil, durante o per\u00edodo de desempenho da presid\u00eancia da Casa Legislativa. INCOMPATIBILIDADE DE HOR\u00c1RIOS Na decis\u00e3o, [&hellip;]<\/p>\n","protected":false},"author":2,"featured_media":117951,"comment_status":"closed","ping_status":"open","sticky":false,"template":"","format":"standard","meta":{"footnotes":"","_links_to":"","_links_to_target":""},"categories":[1],"tags":[],"class_list":["post-117948","post","type-post","status-publish","format-standard","has-post-thumbnail","hentry","category-geral"],"views":1454,"_links":{"self":[{"href":"https:\/\/www.sudoestehoje.com.br\/novoportal\/wp-json\/wp\/v2\/posts\/117948","targetHints":{"allow":["GET"]}}],"collection":[{"href":"https:\/\/www.sudoestehoje.com.br\/novoportal\/wp-json\/wp\/v2\/posts"}],"about":[{"href":"https:\/\/www.sudoestehoje.com.br\/novoportal\/wp-json\/wp\/v2\/types\/post"}],"author":[{"embeddable":true,"href":"https:\/\/www.sudoestehoje.com.br\/novoportal\/wp-json\/wp\/v2\/users\/2"}],"replies":[{"embeddable":true,"href":"https:\/\/www.sudoestehoje.com.br\/novoportal\/wp-json\/wp\/v2\/comments?post=117948"}],"version-history":[{"count":7,"href":"https:\/\/www.sudoestehoje.com.br\/novoportal\/wp-json\/wp\/v2\/posts\/117948\/revisions"}],"predecessor-version":[{"id":117972,"href":"https:\/\/www.sudoestehoje.com.br\/novoportal\/wp-json\/wp\/v2\/posts\/117948\/revisions\/117972"}],"wp:featuredmedia":[{"embeddable":true,"href":"https:\/\/www.sudoestehoje.com.br\/novoportal\/wp-json\/wp\/v2\/media\/117951"}],"wp:attachment":[{"href":"https:\/\/www.sudoestehoje.com.br\/novoportal\/wp-json\/wp\/v2\/media?parent=117948"}],"wp:term":[{"taxonomy":"category","embeddable":true,"href":"https:\/\/www.sudoestehoje.com.br\/novoportal\/wp-json\/wp\/v2\/categories?post=117948"},{"taxonomy":"post_tag","embeddable":true,"href":"https:\/\/www.sudoestehoje.com.br\/novoportal\/wp-json\/wp\/v2\/tags?post=117948"}],"curies":[{"name":"wp","href":"https:\/\/api.w.org\/{rel}","templated":true}]}}