
{"id":117941,"date":"2024-07-17T21:17:20","date_gmt":"2024-07-18T00:17:20","guid":{"rendered":"https:\/\/www.sudoestehoje.com.br\/novoportal\/?p=117941"},"modified":"2024-07-17T21:17:20","modified_gmt":"2024-07-18T00:17:20","slug":"itapetinga-convencao-do-mdb-e-marcada-para-1o-de-agosto-no-gabirabao","status":"publish","type":"post","link":"https:\/\/www.sudoestehoje.com.br\/novoportal\/2024\/07\/17\/itapetinga-convencao-do-mdb-e-marcada-para-1o-de-agosto-no-gabirabao\/","title":{"rendered":"ITAPETINGA | CONVEN\u00c7\u00c3O DO MDB \u00c9 MARCADA PARA 1\u00ba DE AGOSTO NO GABIRAB\u00c3O"},"content":{"rendered":"<p><img loading=\"lazy\" decoding=\"async\" class=\"alignnone wp-image-116750\" src=\"https:\/\/www.sudoestehoje.com.br\/novoportal\/wp-content\/uploads\/2024\/05\/12ac3488-d362-495c-981e-5637b2a297d0-1-600x338.jpg\" alt=\"\" width=\"550\" height=\"310\" srcset=\"https:\/\/www.sudoestehoje.com.br\/novoportal\/wp-content\/uploads\/2024\/05\/12ac3488-d362-495c-981e-5637b2a297d0-1-600x338.jpg 600w, https:\/\/www.sudoestehoje.com.br\/novoportal\/wp-content\/uploads\/2024\/05\/12ac3488-d362-495c-981e-5637b2a297d0-1-700x394.jpg 700w, https:\/\/www.sudoestehoje.com.br\/novoportal\/wp-content\/uploads\/2024\/05\/12ac3488-d362-495c-981e-5637b2a297d0-1-768x432.jpg 768w, https:\/\/www.sudoestehoje.com.br\/novoportal\/wp-content\/uploads\/2024\/05\/12ac3488-d362-495c-981e-5637b2a297d0-1-1536x864.jpg 1536w, https:\/\/www.sudoestehoje.com.br\/novoportal\/wp-content\/uploads\/2024\/05\/12ac3488-d362-495c-981e-5637b2a297d0-1.jpg 1600w\" sizes=\"auto, (max-width: 550px) 100vw, 550px\" \/><\/p>\n<p><strong>A dire\u00e7\u00e3o do MDB de Itapetinga definiu o dia 1\u00ba de agosto pr\u00f3ximo para a realiza\u00e7\u00e3o da CONVEN\u00c7\u00c3O PARTID\u00c1RIA\u00a0 que dever\u00e1 confirmar o nome de Eduardo Hagge como candidato para concorrer \u00e0 sucess\u00e3o municipal de 6 de outubro.<\/strong><\/p>\n<p><strong>CONVEN\u00c7\u00c3O CONJUNTA NO GABIRAB\u00c3O<\/strong><\/p>\n<p><strong>Na mesma data e local (Gabirab\u00e3o), ser\u00e3o tamb\u00e9m realizadas as conven\u00e7\u00f5es dos partidos que formam a base aliada do MDB, para homologar as candidaturas de vereador e indicar de nomes para concorrer a vice-prefeito, na chapa encabe\u00e7ada por Eduardo Hagge.<\/strong><\/p>\n<p><strong>Com a defini\u00e7\u00e3o da data e local das conven\u00e7\u00f5es, O MDB e partidos aliados convocar\u00e3o filiados, milit\u00e2ncia e pr\u00e9-candidatos, para iniciar a mobiliza\u00e7\u00e3o.<\/strong><\/p>\n<p><em><strong>Por Davi Ferraz<\/strong><\/em><\/p>\n","protected":false},"excerpt":{"rendered":"<p>A dire\u00e7\u00e3o do MDB de Itapetinga definiu o dia 1\u00ba de agosto pr\u00f3ximo para a realiza\u00e7\u00e3o da CONVEN\u00c7\u00c3O PARTID\u00c1RIA\u00a0 que dever\u00e1 confirmar o nome de Eduardo Hagge como candidato para concorrer \u00e0 sucess\u00e3o municipal de 6 de outubro. CONVEN\u00c7\u00c3O CONJUNTA NO GABIRAB\u00c3O Na mesma data e local (Gabirab\u00e3o), ser\u00e3o tamb\u00e9m realizadas as conven\u00e7\u00f5es dos partidos [&hellip;]<\/p>\n","protected":false},"author":2,"featured_media":116750,"comment_status":"closed","ping_status":"open","sticky":false,"template":"","format":"standard","meta":{"footnotes":"","_links_to":"","_links_to_target":""},"categories":[1],"tags":[],"class_list":["post-117941","post","type-post","status-publish","format-standard","has-post-thumbnail","hentry","category-geral"],"views":1355,"_links":{"self":[{"href":"https:\/\/www.sudoestehoje.com.br\/novoportal\/wp-json\/wp\/v2\/posts\/117941","targetHints":{"allow":["GET"]}}],"collection":[{"href":"https:\/\/www.sudoestehoje.com.br\/novoportal\/wp-json\/wp\/v2\/posts"}],"about":[{"href":"https:\/\/www.sudoestehoje.com.br\/novoportal\/wp-json\/wp\/v2\/types\/post"}],"author":[{"embeddable":true,"href":"https:\/\/www.sudoestehoje.com.br\/novoportal\/wp-json\/wp\/v2\/users\/2"}],"replies":[{"embeddable":true,"href":"https:\/\/www.sudoestehoje.com.br\/novoportal\/wp-json\/wp\/v2\/comments?post=117941"}],"version-history":[{"count":7,"href":"https:\/\/www.sudoestehoje.com.br\/novoportal\/wp-json\/wp\/v2\/posts\/117941\/revisions"}],"predecessor-version":[{"id":118070,"href":"https:\/\/www.sudoestehoje.com.br\/novoportal\/wp-json\/wp\/v2\/posts\/117941\/revisions\/118070"}],"wp:featuredmedia":[{"embeddable":true,"href":"https:\/\/www.sudoestehoje.com.br\/novoportal\/wp-json\/wp\/v2\/media\/116750"}],"wp:attachment":[{"href":"https:\/\/www.sudoestehoje.com.br\/novoportal\/wp-json\/wp\/v2\/media?parent=117941"}],"wp:term":[{"taxonomy":"category","embeddable":true,"href":"https:\/\/www.sudoestehoje.com.br\/novoportal\/wp-json\/wp\/v2\/categories?post=117941"},{"taxonomy":"post_tag","embeddable":true,"href":"https:\/\/www.sudoestehoje.com.br\/novoportal\/wp-json\/wp\/v2\/tags?post=117941"}],"curies":[{"name":"wp","href":"https:\/\/api.w.org\/{rel}","templated":true}]}}