
{"id":117930,"date":"2024-07-11T19:56:23","date_gmt":"2024-07-11T22:56:23","guid":{"rendered":"https:\/\/www.sudoestehoje.com.br\/novoportal\/?p=117930"},"modified":"2024-07-11T19:56:23","modified_gmt":"2024-07-11T22:56:23","slug":"regiao-fabrica-de-calcadas-tem-varias-vagas-de-emprego-em-conquista","status":"publish","type":"post","link":"https:\/\/www.sudoestehoje.com.br\/novoportal\/2024\/07\/11\/regiao-fabrica-de-calcadas-tem-varias-vagas-de-emprego-em-conquista\/","title":{"rendered":"REGI\u00c3O | F\u00c1BRICA DE CAL\u00c7ADAS TEM V\u00c1RIAS VAGAS DE EMPREGO EM CONQUISTA"},"content":{"rendered":"<p><img loading=\"lazy\" decoding=\"async\" class=\"alignnone  wp-image-117932\" src=\"https:\/\/www.sudoestehoje.com.br\/novoportal\/wp-content\/uploads\/2024\/07\/DSC_0220-001.jpg\" alt=\"\" width=\"549\" height=\"369\" \/><\/p>\n<p><strong>O Grupo Dass\u00a0est\u00e1 com\u00a0v\u00e1rias vagas de emprego abertas\u00a0em Vit\u00f3ria da Conquista. Os interessados devem ficar atentos aos detalhes solicitados nas vagas.<\/strong><\/p>\n<p><strong>Requisitos para\u00a0Programador de Encaixe:<\/strong><\/p>\n<p><em><strong>Ensino fundamental completo;<\/strong><\/em><\/p>\n<p><em><strong>Pacote Office \u2013 B\u00e1sico;<\/strong><\/em><\/p>\n<p><em><strong>Flexibilidade, trabalho em equipe, aten\u00e7\u00e3o concentrada.<\/strong><\/em><\/p>\n<p><strong>Requisitos para Coordenador de Produ\u00e7\u00e3o:<\/strong><\/p>\n<p><em><strong>Ensino Gradua\u00e7\u00e3o completo;<\/strong><\/em><\/p>\n<p><em><strong>Racioc\u00ednio l\u00f3gico, vis\u00e3o sist\u00eamica, gest\u00e3o de pessoas, capacidade anal\u00edtica.<\/strong><\/em><\/p>\n<p><strong>Requisitos para L\u00edder de Produ\u00e7\u00e3o:<\/strong><\/p>\n<p><em><strong>Ensino m\u00e9dio completo;<\/strong><\/em><\/p>\n<p><em><strong>Experi\u00eancia com gest\u00e3o.<\/strong><\/em><\/p>\n<p><strong>Requisitos para Multioperador Cal\u00e7ados:<\/strong><\/p>\n<p><em><strong>Ensino fundamental completo;<\/strong><\/em><\/p>\n<p><em><strong>Sem experi\u00eancia;<\/strong><\/em><\/p>\n<p><strong>Para se candidatar a vaga basta enviar os\u00a0curr\u00edculos para o link da vaga desejada.\u00a0<\/strong><\/p>\n<p><strong>Voc\u00ea pode conferir todas as vagas de emprego dispon\u00edveis no Grupo Dass para Vit\u00f3ria da Conquista\u00a0<a href=\"https:\/\/dassindustria.selecty.com.br\/search\/?filter=city%3AVit%C3%B3ria+da+Conquista&amp;page=1\" target=\"_blank\" rel=\"noreferrer noopener\" data-type=\"link\" data-id=\"https:\/\/dassindustria.selecty.com.br\/search\/?filter=city%3AVit%C3%B3ria+da+Conquista&amp;page=1\">no <span style=\"color: #0000ff;\">portal de vagas da empresa<\/span><\/a><span style=\"color: #0000ff;\">.<\/span><\/strong><\/p>\n","protected":false},"excerpt":{"rendered":"<p>O Grupo Dass\u00a0est\u00e1 com\u00a0v\u00e1rias vagas de emprego abertas\u00a0em Vit\u00f3ria da Conquista. Os interessados devem ficar atentos aos detalhes solicitados nas vagas. Requisitos para\u00a0Programador de Encaixe: Ensino fundamental completo; Pacote Office \u2013 B\u00e1sico; Flexibilidade, trabalho em equipe, aten\u00e7\u00e3o concentrada. Requisitos para Coordenador de Produ\u00e7\u00e3o: Ensino Gradua\u00e7\u00e3o completo; Racioc\u00ednio l\u00f3gico, vis\u00e3o sist\u00eamica, gest\u00e3o de pessoas, capacidade anal\u00edtica. [&hellip;]<\/p>\n","protected":false},"author":2,"featured_media":117932,"comment_status":"closed","ping_status":"open","sticky":false,"template":"","format":"standard","meta":{"footnotes":"","_links_to":"","_links_to_target":""},"categories":[1],"tags":[],"class_list":["post-117930","post","type-post","status-publish","format-standard","has-post-thumbnail","hentry","category-geral"],"views":1639,"_links":{"self":[{"href":"https:\/\/www.sudoestehoje.com.br\/novoportal\/wp-json\/wp\/v2\/posts\/117930","targetHints":{"allow":["GET"]}}],"collection":[{"href":"https:\/\/www.sudoestehoje.com.br\/novoportal\/wp-json\/wp\/v2\/posts"}],"about":[{"href":"https:\/\/www.sudoestehoje.com.br\/novoportal\/wp-json\/wp\/v2\/types\/post"}],"author":[{"embeddable":true,"href":"https:\/\/www.sudoestehoje.com.br\/novoportal\/wp-json\/wp\/v2\/users\/2"}],"replies":[{"embeddable":true,"href":"https:\/\/www.sudoestehoje.com.br\/novoportal\/wp-json\/wp\/v2\/comments?post=117930"}],"version-history":[{"count":5,"href":"https:\/\/www.sudoestehoje.com.br\/novoportal\/wp-json\/wp\/v2\/posts\/117930\/revisions"}],"predecessor-version":[{"id":117936,"href":"https:\/\/www.sudoestehoje.com.br\/novoportal\/wp-json\/wp\/v2\/posts\/117930\/revisions\/117936"}],"wp:featuredmedia":[{"embeddable":true,"href":"https:\/\/www.sudoestehoje.com.br\/novoportal\/wp-json\/wp\/v2\/media\/117932"}],"wp:attachment":[{"href":"https:\/\/www.sudoestehoje.com.br\/novoportal\/wp-json\/wp\/v2\/media?parent=117930"}],"wp:term":[{"taxonomy":"category","embeddable":true,"href":"https:\/\/www.sudoestehoje.com.br\/novoportal\/wp-json\/wp\/v2\/categories?post=117930"},{"taxonomy":"post_tag","embeddable":true,"href":"https:\/\/www.sudoestehoje.com.br\/novoportal\/wp-json\/wp\/v2\/tags?post=117930"}],"curies":[{"name":"wp","href":"https:\/\/api.w.org\/{rel}","templated":true}]}}