
{"id":117904,"date":"2024-07-09T09:23:29","date_gmt":"2024-07-09T12:23:29","guid":{"rendered":"https:\/\/www.sudoestehoje.com.br\/novoportal\/?p=117904"},"modified":"2024-07-09T19:06:58","modified_gmt":"2024-07-09T22:06:58","slug":"eleicoes-2024-periodo-de-convencoes-e-registro-de-candidaturas","status":"publish","type":"post","link":"https:\/\/www.sudoestehoje.com.br\/novoportal\/2024\/07\/09\/eleicoes-2024-periodo-de-convencoes-e-registro-de-candidaturas\/","title":{"rendered":"ELEI\u00c7\u00d5ES 2024 | PER\u00cdODO DE CONVEN\u00c7\u00d5ES E REGISTRO DE CANDIDATURAS"},"content":{"rendered":"<div id=\"chunk-fskod\">\n<div class=\"mc-column content-text active-extra-styles\" data-block-type=\"raw\" data-block-weight=\"3\" data-block-id=\"7\">\n<div class=\"content-intertitle\">\n<div id=\"chunk-fskod\">\n<div class=\"mc-column content-text active-extra-styles\" data-block-type=\"raw\" data-block-weight=\"3\" data-block-id=\"7\">\n<div class=\"content-intertitle\">\n<h2><img loading=\"lazy\" decoding=\"async\" class=\"alignnone wp-image-117907\" src=\"https:\/\/www.sudoestehoje.com.br\/novoportal\/wp-content\/uploads\/2024\/07\/IMG_2918-600x400.jpg\" alt=\"\" width=\"549\" height=\"366\" srcset=\"https:\/\/www.sudoestehoje.com.br\/novoportal\/wp-content\/uploads\/2024\/07\/IMG_2918-600x400.jpg 600w, https:\/\/www.sudoestehoje.com.br\/novoportal\/wp-content\/uploads\/2024\/07\/IMG_2918.jpg 630w\" sizes=\"auto, (max-width: 549px) 100vw, 549px\" \/><\/h2>\n<h2><strong>Per\u00edodo de conven\u00e7\u00f5es<\/strong><\/h2>\n<\/div>\n<\/div>\n<\/div>\n<div id=\"chunk-7154g\">\n<div class=\"mc-column content-text active-extra-styles \" data-block-type=\"unstyled\" data-block-weight=\"31\" data-block-id=\"8\">\n<p class=\" content-text__container \" data-track-category=\"Link no Texto\" data-track-links=\"\" data-mrf-recirculation=\"Article links\"><strong>No dia 20 de julho, come\u00e7a o per\u00edodo das conven\u00e7\u00f5es partid\u00e1rias. Nestes eventos, filiados \u00e0s legendas fazem a escolha dos candidatos a prefeito e vereador que v\u00e3o concorrer em outubro.<\/strong><\/p>\n<\/div>\n<\/div>\n<div id=\"chunk-e31c6\">\n<div class=\"mc-column content-text active-extra-styles \" data-block-type=\"unstyled\" data-block-weight=\"24\" data-block-id=\"9\">\n<p class=\" content-text__container \" data-track-category=\"Link no Texto\" data-track-links=\"\" data-mrf-recirculation=\"Article links\"><strong>O per\u00edodo de conven\u00e7\u00f5es se encerra no dia 5 de agosto. Partidos podem escolher a data de seu evento dentro destes 15 dias e comunicar \u00e0 Justi\u00e7a Eleitoral com 15 dias de anteced\u00eancia.\u00a0<\/strong><\/p>\n<\/div>\n<\/div>\n<div id=\"chunk-c8hpf\">\n<div class=\"mc-column content-text active-extra-styles\" data-block-type=\"raw\" data-block-weight=\"3\" data-block-id=\"10\">\n<div class=\"content-intertitle\">\n<h2><strong>Registro de candidaturas\u00a0<\/strong><\/h2>\n<\/div>\n<\/div>\n<\/div>\n<div id=\"chunk-b97o7\">\n<div class=\"mc-column content-text active-extra-styles \" data-block-type=\"unstyled\" data-block-weight=\"53\" data-block-id=\"11\">\n<p class=\" content-text__container \" data-track-category=\"Link no Texto\" data-track-links=\"\" data-mrf-recirculation=\"Article links\"><strong>Ap\u00f3s as conven\u00e7\u00f5es, os partidos ainda precisam oficializar os nomes de seus candidatos na Justi\u00e7a Eleitoral. \u00c9 feito, ent\u00e3o, o registro de candidatura, o que vai permitir que o candidato tenha um n\u00famero de identifica\u00e7\u00e3o, fa\u00e7a campanha eleitoral e receba recursos. <\/strong><\/p>\n<p class=\" content-text__container \" data-track-category=\"Link no Texto\" data-track-links=\"\" data-mrf-recirculation=\"Article links\"><strong>O prazo para isso se encerra no dia 15 de agosto.<\/strong><\/p>\n<p data-track-category=\"Link no Texto\" data-track-links=\"\" data-mrf-recirculation=\"Article links\"><strong>Reda\u00e7\u00e3o Sudoeste Hoje<\/strong><\/p>\n<p data-track-category=\"Link no Texto\" data-track-links=\"\" data-mrf-recirculation=\"Article links\"><img loading=\"lazy\" decoding=\"async\" class=\"alignnone  wp-image-117201\" src=\"https:\/\/www.sudoestehoje.com.br\/novoportal\/wp-content\/uploads\/2024\/05\/BANNER-550x110-GERAL-2-1-1.gif\" alt=\"\" width=\"605\" height=\"121\" \/><\/p>\n<\/div>\n<\/div>\n<\/div>\n<\/div>\n<\/div>\n","protected":false},"excerpt":{"rendered":"<p>Per\u00edodo de conven\u00e7\u00f5es No dia 20 de julho, come\u00e7a o per\u00edodo das conven\u00e7\u00f5es partid\u00e1rias. Nestes eventos, filiados \u00e0s legendas fazem a escolha dos candidatos a prefeito e vereador que v\u00e3o concorrer em outubro. O per\u00edodo de conven\u00e7\u00f5es se encerra no dia 5 de agosto. Partidos podem escolher a data de seu evento dentro destes 15 [&hellip;]<\/p>\n","protected":false},"author":2,"featured_media":117907,"comment_status":"closed","ping_status":"open","sticky":false,"template":"","format":"standard","meta":{"footnotes":"","_links_to":"","_links_to_target":""},"categories":[1],"tags":[],"class_list":["post-117904","post","type-post","status-publish","format-standard","has-post-thumbnail","hentry","category-geral"],"views":836,"_links":{"self":[{"href":"https:\/\/www.sudoestehoje.com.br\/novoportal\/wp-json\/wp\/v2\/posts\/117904","targetHints":{"allow":["GET"]}}],"collection":[{"href":"https:\/\/www.sudoestehoje.com.br\/novoportal\/wp-json\/wp\/v2\/posts"}],"about":[{"href":"https:\/\/www.sudoestehoje.com.br\/novoportal\/wp-json\/wp\/v2\/types\/post"}],"author":[{"embeddable":true,"href":"https:\/\/www.sudoestehoje.com.br\/novoportal\/wp-json\/wp\/v2\/users\/2"}],"replies":[{"embeddable":true,"href":"https:\/\/www.sudoestehoje.com.br\/novoportal\/wp-json\/wp\/v2\/comments?post=117904"}],"version-history":[{"count":6,"href":"https:\/\/www.sudoestehoje.com.br\/novoportal\/wp-json\/wp\/v2\/posts\/117904\/revisions"}],"predecessor-version":[{"id":117911,"href":"https:\/\/www.sudoestehoje.com.br\/novoportal\/wp-json\/wp\/v2\/posts\/117904\/revisions\/117911"}],"wp:featuredmedia":[{"embeddable":true,"href":"https:\/\/www.sudoestehoje.com.br\/novoportal\/wp-json\/wp\/v2\/media\/117907"}],"wp:attachment":[{"href":"https:\/\/www.sudoestehoje.com.br\/novoportal\/wp-json\/wp\/v2\/media?parent=117904"}],"wp:term":[{"taxonomy":"category","embeddable":true,"href":"https:\/\/www.sudoestehoje.com.br\/novoportal\/wp-json\/wp\/v2\/categories?post=117904"},{"taxonomy":"post_tag","embeddable":true,"href":"https:\/\/www.sudoestehoje.com.br\/novoportal\/wp-json\/wp\/v2\/tags?post=117904"}],"curies":[{"name":"wp","href":"https:\/\/api.w.org\/{rel}","templated":true}]}}