
{"id":117896,"date":"2024-07-09T08:47:39","date_gmt":"2024-07-09T11:47:39","guid":{"rendered":"https:\/\/www.sudoestehoje.com.br\/novoportal\/?p=117896"},"modified":"2024-07-09T19:09:58","modified_gmt":"2024-07-09T22:09:58","slug":"nova-identidade-comeca-a-ser-emitida-na-bahia-a-partir-desta-terca","status":"publish","type":"post","link":"https:\/\/www.sudoestehoje.com.br\/novoportal\/2024\/07\/09\/nova-identidade-comeca-a-ser-emitida-na-bahia-a-partir-desta-terca\/","title":{"rendered":"NOVA IDENTIDADE COME\u00c7A A SER EMITIDA NA BAHIA A PARTIR DESTA TER\u00c7A"},"content":{"rendered":"<p><img loading=\"lazy\" decoding=\"async\" class=\"alignnone wp-image-117897\" src=\"https:\/\/www.sudoestehoje.com.br\/novoportal\/wp-content\/uploads\/2024\/07\/dc890753c707df50d2783082f55a6eaf-600x331.webp\" alt=\"\" width=\"551\" height=\"304\" srcset=\"https:\/\/www.sudoestehoje.com.br\/novoportal\/wp-content\/uploads\/2024\/07\/dc890753c707df50d2783082f55a6eaf-600x331.webp 600w, https:\/\/www.sudoestehoje.com.br\/novoportal\/wp-content\/uploads\/2024\/07\/dc890753c707df50d2783082f55a6eaf-700x386.webp 700w, https:\/\/www.sudoestehoje.com.br\/novoportal\/wp-content\/uploads\/2024\/07\/dc890753c707df50d2783082f55a6eaf-768x424.webp 768w, https:\/\/www.sudoestehoje.com.br\/novoportal\/wp-content\/uploads\/2024\/07\/dc890753c707df50d2783082f55a6eaf.webp 1000w\" sizes=\"auto, (max-width: 551px) 100vw, 551px\" \/><\/p>\n<p><strong>O Governo da Bahia anunciou que iniciar\u00e1, a partir desta ter\u00e7a-feira (9), o agendamento para emitir a Carteira de Identidade Nacional (CIN), documento que vai substituir a emiss\u00e3o de Registro Geral (RG).<\/strong><\/p>\n<p><strong>A primeira via ser\u00e1 gratuita para todos os cidad\u00e3os e poder\u00e1 ser solicitada, mediante agendamento,\u00a0<span style=\"color: #0000ff;\"><a style=\"color: #0000ff;\" href=\"http:\/\/ba.gov.br\/\" target=\"_blank\" rel=\"noopener\">no site ou aplicativo do Governo do Estado<\/a>\u00a0<\/span>para os postos SAC Pitua\u00e7u e Salvador Shopping na capital. O prazo de entrega \u00e9 de 15 dias.<\/strong><\/p>\n<p><strong>Inicialmente, o Departamento de Pol\u00edcia T\u00e9cnica (DPT) informou que a emiss\u00e3o das novas carteiras de identidade seria feita para um p\u00fablico restrito. No entanto, segundo comunicado divulgado, nesta segunda-feira (8), todos os cidad\u00e3os ter\u00e3o acesso ao servi\u00e7o.<\/strong><\/p>\n<p><strong>Segundo o DPT, ainda n\u00e3o h\u00e1 previs\u00e3o para a emiss\u00e3o do novo documento nas cidades do interior do estado.<\/strong><\/p>\n<p><img loading=\"lazy\" decoding=\"async\" class=\"alignnone size-medium wp-image-117159\" src=\"https:\/\/www.sudoestehoje.com.br\/novoportal\/wp-content\/uploads\/2024\/05\/BANNER-750x120-GERAL-2-600x96.gif\" alt=\"\" width=\"600\" height=\"96\" srcset=\"https:\/\/www.sudoestehoje.com.br\/novoportal\/wp-content\/uploads\/2024\/05\/BANNER-750x120-GERAL-2-600x96.gif 600w, https:\/\/www.sudoestehoje.com.br\/novoportal\/wp-content\/uploads\/2024\/05\/BANNER-750x120-GERAL-2-700x112.gif 700w\" sizes=\"auto, (max-width: 600px) 100vw, 600px\" \/><\/p>\n","protected":false},"excerpt":{"rendered":"<p>O Governo da Bahia anunciou que iniciar\u00e1, a partir desta ter\u00e7a-feira (9), o agendamento para emitir a Carteira de Identidade Nacional (CIN), documento que vai substituir a emiss\u00e3o de Registro Geral (RG). A primeira via ser\u00e1 gratuita para todos os cidad\u00e3os e poder\u00e1 ser solicitada, mediante agendamento,\u00a0no site ou aplicativo do Governo do Estado\u00a0para os [&hellip;]<\/p>\n","protected":false},"author":2,"featured_media":117897,"comment_status":"closed","ping_status":"open","sticky":false,"template":"","format":"standard","meta":{"footnotes":"","_links_to":"","_links_to_target":""},"categories":[1],"tags":[],"class_list":["post-117896","post","type-post","status-publish","format-standard","has-post-thumbnail","hentry","category-geral"],"views":834,"_links":{"self":[{"href":"https:\/\/www.sudoestehoje.com.br\/novoportal\/wp-json\/wp\/v2\/posts\/117896","targetHints":{"allow":["GET"]}}],"collection":[{"href":"https:\/\/www.sudoestehoje.com.br\/novoportal\/wp-json\/wp\/v2\/posts"}],"about":[{"href":"https:\/\/www.sudoestehoje.com.br\/novoportal\/wp-json\/wp\/v2\/types\/post"}],"author":[{"embeddable":true,"href":"https:\/\/www.sudoestehoje.com.br\/novoportal\/wp-json\/wp\/v2\/users\/2"}],"replies":[{"embeddable":true,"href":"https:\/\/www.sudoestehoje.com.br\/novoportal\/wp-json\/wp\/v2\/comments?post=117896"}],"version-history":[{"count":3,"href":"https:\/\/www.sudoestehoje.com.br\/novoportal\/wp-json\/wp\/v2\/posts\/117896\/revisions"}],"predecessor-version":[{"id":117912,"href":"https:\/\/www.sudoestehoje.com.br\/novoportal\/wp-json\/wp\/v2\/posts\/117896\/revisions\/117912"}],"wp:featuredmedia":[{"embeddable":true,"href":"https:\/\/www.sudoestehoje.com.br\/novoportal\/wp-json\/wp\/v2\/media\/117897"}],"wp:attachment":[{"href":"https:\/\/www.sudoestehoje.com.br\/novoportal\/wp-json\/wp\/v2\/media?parent=117896"}],"wp:term":[{"taxonomy":"category","embeddable":true,"href":"https:\/\/www.sudoestehoje.com.br\/novoportal\/wp-json\/wp\/v2\/categories?post=117896"},{"taxonomy":"post_tag","embeddable":true,"href":"https:\/\/www.sudoestehoje.com.br\/novoportal\/wp-json\/wp\/v2\/tags?post=117896"}],"curies":[{"name":"wp","href":"https:\/\/api.w.org\/{rel}","templated":true}]}}