
{"id":11789,"date":"2012-01-05T19:52:12","date_gmt":"2012-01-05T22:52:12","guid":{"rendered":"http:\/\/www.sudoestehoje.com.br\/novoportal\/?p=11789"},"modified":"2012-01-05T19:52:12","modified_gmt":"2012-01-05T22:52:12","slug":"itapetinga-servidores-municipais-podem-parar-a-qualquer-momento","status":"publish","type":"post","link":"https:\/\/www.sudoestehoje.com.br\/novoportal\/2012\/01\/05\/itapetinga-servidores-municipais-podem-parar-a-qualquer-momento\/","title":{"rendered":"ITAPETINGA: SERVIDORES MUNICIPAIS PODEM PARAR A QUALQUER MOMENTO"},"content":{"rendered":"<p style=\"text-align: center;\"><img decoding=\"async\" class=\"aligncenter\" src=\"http:\/\/jornaloexpresso.files.wordpress.com\/2011\/05\/vt.jpg\" alt=\"\" width=\"500\" \/><\/p>\n<p style=\"text-align: center;\"><em><strong>Servidores reclamam da falta do Vale Transporte<\/strong><\/em><\/p>\n<p>ITAPETINGA: Os servidores da prefeitura de Itapetinga podem paralisar as suas atividades, a qualquer momento, por falta do <em>Vale Transporte<\/em> a que tem direito, suspenso h\u00e1 cerca de tr\u00eas meses. Segundo informa\u00e7\u00f5es do Sindicato dos Servidores, \u00a0a prefeitura n\u00e3o vem pagando \u00e0 Via\u00e7\u00e3o Itapetinga, levando a empresa a suspender o fornecimento dos vales transporte, o que penaliza os servidores.<\/p>\n<p>Em raz\u00e3o disto, a prefeitura poder\u00e1 ainda ser obrigada a pagar pesadas multas, pelo n\u00e3o cumprimento do TAC (Termo de Ajuste de Conduta) celebrado anteriormente com o Minist\u00e9rio P\u00fablico do Trabalho, em Vit\u00f3ria da Conquista. O Sindicato dos Servidores j\u00e1 comunicou oficialmente ao gabinete do prefeito que os servidores estar\u00e3o parando, a partir desta sexta-feira, por n\u00e3o terem condi\u00e7\u00f5es \u00a0de ir e vir andando para os locais de trabalho.<\/p>\n<p>Pelo visto, as finan\u00e7as municipais chegaram ao fundo do po\u00e7o.<\/p>\n<p><strong><em>Da Reda\u00e7\u00e3o<\/em><\/strong><\/p>\n<p><em>(Com informa\u00e7\u00f5es do Sindicato dos Servidores)<\/em><\/p>\n","protected":false},"excerpt":{"rendered":"<p>Servidores reclamam da falta do Vale Transporte ITAPETINGA: Os servidores da prefeitura de Itapetinga podem paralisar as suas atividades, a qualquer momento, por falta do Vale Transporte a que tem direito, suspenso h\u00e1 cerca de tr\u00eas meses. Segundo informa\u00e7\u00f5es do Sindicato dos Servidores, \u00a0a prefeitura n\u00e3o vem pagando \u00e0 Via\u00e7\u00e3o Itapetinga, levando a empresa a [&hellip;]<\/p>\n","protected":false},"author":2,"featured_media":0,"comment_status":"open","ping_status":"open","sticky":false,"template":"","format":"standard","meta":{"footnotes":"","_links_to":"","_links_to_target":""},"categories":[1],"tags":[],"class_list":["post-11789","post","type-post","status-publish","format-standard","hentry","category-geral"],"views":1094,"_links":{"self":[{"href":"https:\/\/www.sudoestehoje.com.br\/novoportal\/wp-json\/wp\/v2\/posts\/11789","targetHints":{"allow":["GET"]}}],"collection":[{"href":"https:\/\/www.sudoestehoje.com.br\/novoportal\/wp-json\/wp\/v2\/posts"}],"about":[{"href":"https:\/\/www.sudoestehoje.com.br\/novoportal\/wp-json\/wp\/v2\/types\/post"}],"author":[{"embeddable":true,"href":"https:\/\/www.sudoestehoje.com.br\/novoportal\/wp-json\/wp\/v2\/users\/2"}],"replies":[{"embeddable":true,"href":"https:\/\/www.sudoestehoje.com.br\/novoportal\/wp-json\/wp\/v2\/comments?post=11789"}],"version-history":[{"count":3,"href":"https:\/\/www.sudoestehoje.com.br\/novoportal\/wp-json\/wp\/v2\/posts\/11789\/revisions"}],"predecessor-version":[{"id":11792,"href":"https:\/\/www.sudoestehoje.com.br\/novoportal\/wp-json\/wp\/v2\/posts\/11789\/revisions\/11792"}],"wp:attachment":[{"href":"https:\/\/www.sudoestehoje.com.br\/novoportal\/wp-json\/wp\/v2\/media?parent=11789"}],"wp:term":[{"taxonomy":"category","embeddable":true,"href":"https:\/\/www.sudoestehoje.com.br\/novoportal\/wp-json\/wp\/v2\/categories?post=11789"},{"taxonomy":"post_tag","embeddable":true,"href":"https:\/\/www.sudoestehoje.com.br\/novoportal\/wp-json\/wp\/v2\/tags?post=11789"}],"curies":[{"name":"wp","href":"https:\/\/api.w.org\/{rel}","templated":true}]}}