
{"id":117888,"date":"2024-07-08T21:39:20","date_gmt":"2024-07-09T00:39:20","guid":{"rendered":"https:\/\/www.sudoestehoje.com.br\/novoportal\/?p=117888"},"modified":"2024-07-08T21:44:03","modified_gmt":"2024-07-09T00:44:03","slug":"festival-de-inverno-bahia-anuncia-novidades-para-o-camarote-deste-ano","status":"publish","type":"post","link":"https:\/\/www.sudoestehoje.com.br\/novoportal\/2024\/07\/08\/festival-de-inverno-bahia-anuncia-novidades-para-o-camarote-deste-ano\/","title":{"rendered":"FESTIVAL DE INVERNO BAHIA ANUNCIA NOVIDADES PARA O CAMAROTE DESTE ANO"},"content":{"rendered":"<div><strong>Experi\u00eancia \u00e9 o que diferencia um festival de shows convencionais e no caso do Festival de Inverno Bahia (FIB), o Camarote FIB \u00e9 uma das \u00e1reas que vai proporcionar momentos inesquec\u00edveis para o p\u00fablico que estiver na Sui\u00e7a Baiana em agosto.\u00a0<\/strong><\/div>\n<div><img loading=\"lazy\" decoding=\"async\" class=\"alignnone wp-image-117890\" src=\"https:\/\/www.sudoestehoje.com.br\/novoportal\/wp-content\/uploads\/2024\/07\/unnamed-600x400.jpg\" alt=\"\" width=\"551\" height=\"367\" srcset=\"https:\/\/www.sudoestehoje.com.br\/novoportal\/wp-content\/uploads\/2024\/07\/unnamed-600x400.jpg 600w, https:\/\/www.sudoestehoje.com.br\/novoportal\/wp-content\/uploads\/2024\/07\/unnamed-700x466.jpg 700w, https:\/\/www.sudoestehoje.com.br\/novoportal\/wp-content\/uploads\/2024\/07\/unnamed-768x512.jpg 768w, https:\/\/www.sudoestehoje.com.br\/novoportal\/wp-content\/uploads\/2024\/07\/unnamed-1536x1023.jpg 1536w, https:\/\/www.sudoestehoje.com.br\/novoportal\/wp-content\/uploads\/2024\/07\/unnamed.jpg 1600w\" sizes=\"auto, (max-width: 551px) 100vw, 551px\" \/><b><\/b><\/div>\n<div>\n<p><strong>O espa\u00e7o contar\u00e1\u00a0com banheiros constru\u00eddos, \u00e1reas para descanso, acesso exclusivo \u00e0 frente do palco e \u00e1rea de alimenta\u00e7\u00e3o exclusiva, com restaurantes de destaque em Conquista operando no local. A ideia da organiza\u00e7\u00e3o do evento \u00e9 fornecer muito mais conforto para quem optar por curtir o festival de camarote. \u201cA gente pensa cada espa\u00e7o com muito carinho e para o camarote estruturamos a \u00e1rea de forma que nosso p\u00fablico possa vivenciar as melhores experi\u00eancias gastron\u00f4micas e musicais\u201d, conta o head da Bahia Eventos, Bruno Portela.\u00a0\u00a0<\/strong><\/p>\n<p><strong>Muito mais M\u00fasica<\/strong><\/p>\n<p><strong>Nos intervalos dos shows do palco principal, a m\u00fasica continua no palco exclusivo montado dentro do camarote, que vai proporcionar ao p\u00fablico uma atmosfera musical do in\u00edcio ao fim. Na sexta, 23, a atra\u00e7\u00e3o ser\u00e1 o DJ Fabinho. Com mais de 36 anos de carreira, ele chega com o projeto intitulado como FALAKTOR para embalar diversas gera\u00e7\u00f5es. Al\u00e9m dele, quem tamb\u00e9m se apresenta na primeira noite do FIB \u00e9 o grupo Samba de L\u00fa, que vem diretamente da capital baiana.\u00a0\u00a0<\/strong><\/p>\n<p><strong>No s\u00e1bado, 24, DJ Felipe Poeta chega para animar o p\u00fablico do camarote. Natural de Nova York, ele foi criado no Rio de Janeiro e \u00e9 beatmaker. DJ renomado, Poeta tem se apresentado em grandes festivais, a exemplo do Tomorrowland, The Town, Salve o Sul, al\u00e9m do Camarote Salvador. Outro nome aguardado para o segundo dia do Festival de Inverno Bahia \u00e9 a Ex\u00f3tica J\u00f4 Almeida, artista regional que tem ganhado destaque por sua irrever\u00eancia e um repert\u00f3rio atualizado.\u00a0\u00a0<\/strong><\/p>\n<p><strong>Para fechar, no domingo. 25, Pedro Pond\u00e9 chega com grandes sucessos como \u2018Simples Assim\u2019 e \u2018Em outro Lugar\u2019. O cantor esteve \u00e0 frente das bandas Scambo e O C\u00edrculo, e agora, em carreira solo, vem mostrando sua inquietude, criatividade e intensidade. E a noite no camarote, durante o \u00faltimo dia do festival, tamb\u00e9m contar\u00e1 com a catingueira Robertinha. A cantora, que iniciou sua carreira aos 8 anos de idade, vem se destacando pela sua autenticidade e presen\u00e7a de palco. Ela cantar\u00e1 ao longo da noite e far\u00e1 um after exclusivo para o p\u00fablico do camarote logo ap\u00f3s o t\u00e9rmino dos shows do palco principal.<\/strong><\/p>\n<p><strong>Os ingressos para o camarote s\u00e3o limitados e est\u00e3o \u00e0 venda pelo Sympla e nos pontos de venda f\u00edsicos ainda com o valor do primeiro lote. A produ\u00e7\u00e3o do Festival de Inverno Bahia \u00e9 assinada pela Bahia Eventos, empresa de entretenimento da Rede Bahia, em parceria com a TV Sudoeste.<\/strong><\/p>\n<p><img loading=\"lazy\" decoding=\"async\" class=\"alignnone  wp-image-117201\" src=\"https:\/\/www.sudoestehoje.com.br\/novoportal\/wp-content\/uploads\/2024\/05\/BANNER-550x110-GERAL-2-1-1.gif\" alt=\"\" width=\"595\" height=\"119\" \/><\/p>\n<\/div>\n","protected":false},"excerpt":{"rendered":"<p>Experi\u00eancia \u00e9 o que diferencia um festival de shows convencionais e no caso do Festival de Inverno Bahia (FIB), o Camarote FIB \u00e9 uma das \u00e1reas que vai proporcionar momentos inesquec\u00edveis para o p\u00fablico que estiver na Sui\u00e7a Baiana em agosto.\u00a0 O espa\u00e7o contar\u00e1\u00a0com banheiros constru\u00eddos, \u00e1reas para descanso, acesso exclusivo \u00e0 frente do palco [&hellip;]<\/p>\n","protected":false},"author":2,"featured_media":117890,"comment_status":"closed","ping_status":"open","sticky":false,"template":"","format":"standard","meta":{"footnotes":"","_links_to":"","_links_to_target":""},"categories":[1],"tags":[],"class_list":["post-117888","post","type-post","status-publish","format-standard","has-post-thumbnail","hentry","category-geral"],"views":478,"_links":{"self":[{"href":"https:\/\/www.sudoestehoje.com.br\/novoportal\/wp-json\/wp\/v2\/posts\/117888","targetHints":{"allow":["GET"]}}],"collection":[{"href":"https:\/\/www.sudoestehoje.com.br\/novoportal\/wp-json\/wp\/v2\/posts"}],"about":[{"href":"https:\/\/www.sudoestehoje.com.br\/novoportal\/wp-json\/wp\/v2\/types\/post"}],"author":[{"embeddable":true,"href":"https:\/\/www.sudoestehoje.com.br\/novoportal\/wp-json\/wp\/v2\/users\/2"}],"replies":[{"embeddable":true,"href":"https:\/\/www.sudoestehoje.com.br\/novoportal\/wp-json\/wp\/v2\/comments?post=117888"}],"version-history":[{"count":6,"href":"https:\/\/www.sudoestehoje.com.br\/novoportal\/wp-json\/wp\/v2\/posts\/117888\/revisions"}],"predecessor-version":[{"id":117895,"href":"https:\/\/www.sudoestehoje.com.br\/novoportal\/wp-json\/wp\/v2\/posts\/117888\/revisions\/117895"}],"wp:featuredmedia":[{"embeddable":true,"href":"https:\/\/www.sudoestehoje.com.br\/novoportal\/wp-json\/wp\/v2\/media\/117890"}],"wp:attachment":[{"href":"https:\/\/www.sudoestehoje.com.br\/novoportal\/wp-json\/wp\/v2\/media?parent=117888"}],"wp:term":[{"taxonomy":"category","embeddable":true,"href":"https:\/\/www.sudoestehoje.com.br\/novoportal\/wp-json\/wp\/v2\/categories?post=117888"},{"taxonomy":"post_tag","embeddable":true,"href":"https:\/\/www.sudoestehoje.com.br\/novoportal\/wp-json\/wp\/v2\/tags?post=117888"}],"curies":[{"name":"wp","href":"https:\/\/api.w.org\/{rel}","templated":true}]}}