
{"id":117881,"date":"2024-07-08T21:04:13","date_gmt":"2024-07-09T00:04:13","guid":{"rendered":"https:\/\/www.sudoestehoje.com.br\/novoportal\/?p=117881"},"modified":"2024-07-08T21:05:33","modified_gmt":"2024-07-09T00:05:33","slug":"itororo-pedro-tavares-reafirma-apoio-a-pre-candidatura-de-dr-adauto","status":"publish","type":"post","link":"https:\/\/www.sudoestehoje.com.br\/novoportal\/2024\/07\/08\/itororo-pedro-tavares-reafirma-apoio-a-pre-candidatura-de-dr-adauto\/","title":{"rendered":"ITOROR\u00d3 | DEPUTADO PEDRO TAVARES REAFIRMA APOIO \u00c0 PR\u00c9-CANDIDATURA DE DR. ADAUTO"},"content":{"rendered":"<p><img loading=\"lazy\" decoding=\"async\" class=\"alignnone wp-image-117883\" src=\"https:\/\/www.sudoestehoje.com.br\/novoportal\/wp-content\/uploads\/2024\/07\/17ce86a0-d513-4e5b-b2d1-673f0a8c2514-600x426.jpg\" alt=\"\" width=\"551\" height=\"391\" srcset=\"https:\/\/www.sudoestehoje.com.br\/novoportal\/wp-content\/uploads\/2024\/07\/17ce86a0-d513-4e5b-b2d1-673f0a8c2514-600x426.jpg 600w, https:\/\/www.sudoestehoje.com.br\/novoportal\/wp-content\/uploads\/2024\/07\/17ce86a0-d513-4e5b-b2d1-673f0a8c2514-700x497.jpg 700w, https:\/\/www.sudoestehoje.com.br\/novoportal\/wp-content\/uploads\/2024\/07\/17ce86a0-d513-4e5b-b2d1-673f0a8c2514-768x545.jpg 768w, https:\/\/www.sudoestehoje.com.br\/novoportal\/wp-content\/uploads\/2024\/07\/17ce86a0-d513-4e5b-b2d1-673f0a8c2514.jpg 1080w\" sizes=\"auto, (max-width: 551px) 100vw, 551px\" \/><\/p>\n<p><strong>O deputado estadual Pedro Tavares reafirmou o apoio \u00e0 pr\u00e9-candidatura de Dr. Adauto Almeida para prefeito de Itoror\u00f3, nas elei\u00e7\u00f5es municipais de outubro. Em encontro com o m\u00e9dico e ex-gestor municipal, o parlamentar ressaltou o perfil, a hist\u00f3ria e a rela\u00e7\u00e3o dele com a cidade, reunindo as credenciais para postular na disputa. <\/strong><\/p>\n<p><strong>Tavares enfatizou o compromisso de Dr.Adauto, o conhecimento sobre os problemas municipais, al\u00e9m do amor pela cidade e a experi\u00eancia administrativa.\u200b\u00a0\u00a0<\/strong><\/p>\n<p><strong><em>\u201cFoi uma satisfa\u00e7\u00e3o encontrar o amigo, pr\u00e9-candidato a prefeito da querida Itoror\u00f3, Dr.\u00a0 Adalton, quando mais uma vez reconhecemos e reafirmamos o desejo de v\u00ea-lo no comando da cidade. Dr. Adauto \u00e9 o mais preparado, pela sua experi\u00eancia, compromisso e amor por Itoror\u00f3. Ele tem o nosso apoio na caminhada, que ser\u00e1 vitoriosa, com f\u00e9 em Deus. Vamos trabalhar juntos para levarmos a\u00e7\u00f5es para esse importante munic\u00edpio\u201d<\/em>, afirmou. \/\/<em>Ascom\u00a0 Pedro Tavares<\/em><\/strong><\/p>\n","protected":false},"excerpt":{"rendered":"<p>O deputado estadual Pedro Tavares reafirmou o apoio \u00e0 pr\u00e9-candidatura de Dr. Adauto Almeida para prefeito de Itoror\u00f3, nas elei\u00e7\u00f5es municipais de outubro. Em encontro com o m\u00e9dico e ex-gestor municipal, o parlamentar ressaltou o perfil, a hist\u00f3ria e a rela\u00e7\u00e3o dele com a cidade, reunindo as credenciais para postular na disputa. Tavares enfatizou o [&hellip;]<\/p>\n","protected":false},"author":2,"featured_media":117883,"comment_status":"closed","ping_status":"open","sticky":false,"template":"","format":"standard","meta":{"footnotes":"","_links_to":"","_links_to_target":""},"categories":[1],"tags":[],"class_list":["post-117881","post","type-post","status-publish","format-standard","has-post-thumbnail","hentry","category-geral"],"views":766,"_links":{"self":[{"href":"https:\/\/www.sudoestehoje.com.br\/novoportal\/wp-json\/wp\/v2\/posts\/117881","targetHints":{"allow":["GET"]}}],"collection":[{"href":"https:\/\/www.sudoestehoje.com.br\/novoportal\/wp-json\/wp\/v2\/posts"}],"about":[{"href":"https:\/\/www.sudoestehoje.com.br\/novoportal\/wp-json\/wp\/v2\/types\/post"}],"author":[{"embeddable":true,"href":"https:\/\/www.sudoestehoje.com.br\/novoportal\/wp-json\/wp\/v2\/users\/2"}],"replies":[{"embeddable":true,"href":"https:\/\/www.sudoestehoje.com.br\/novoportal\/wp-json\/wp\/v2\/comments?post=117881"}],"version-history":[{"count":5,"href":"https:\/\/www.sudoestehoje.com.br\/novoportal\/wp-json\/wp\/v2\/posts\/117881\/revisions"}],"predecessor-version":[{"id":117887,"href":"https:\/\/www.sudoestehoje.com.br\/novoportal\/wp-json\/wp\/v2\/posts\/117881\/revisions\/117887"}],"wp:featuredmedia":[{"embeddable":true,"href":"https:\/\/www.sudoestehoje.com.br\/novoportal\/wp-json\/wp\/v2\/media\/117883"}],"wp:attachment":[{"href":"https:\/\/www.sudoestehoje.com.br\/novoportal\/wp-json\/wp\/v2\/media?parent=117881"}],"wp:term":[{"taxonomy":"category","embeddable":true,"href":"https:\/\/www.sudoestehoje.com.br\/novoportal\/wp-json\/wp\/v2\/categories?post=117881"},{"taxonomy":"post_tag","embeddable":true,"href":"https:\/\/www.sudoestehoje.com.br\/novoportal\/wp-json\/wp\/v2\/tags?post=117881"}],"curies":[{"name":"wp","href":"https:\/\/api.w.org\/{rel}","templated":true}]}}