
{"id":117837,"date":"2024-07-05T21:30:06","date_gmt":"2024-07-06T00:30:06","guid":{"rendered":"https:\/\/www.sudoestehoje.com.br\/novoportal\/?p=117837"},"modified":"2024-07-06T01:47:28","modified_gmt":"2024-07-06T04:47:28","slug":"morre-aos-98-anos-vadinho-vieira-ultimo-proprietario-do-iconico-maringa","status":"publish","type":"post","link":"https:\/\/www.sudoestehoje.com.br\/novoportal\/2024\/07\/05\/morre-aos-98-anos-vadinho-vieira-ultimo-proprietario-do-iconico-maringa\/","title":{"rendered":"MORRE, AOS 98 ANOS, VADINHO VIEIRA, \u00daLTIMO PROPRIET\u00c1RIO DO IC\u00d4NICO &#8216;MARING\u00c1&#8217;"},"content":{"rendered":"<p><img loading=\"lazy\" decoding=\"async\" class=\"alignnone wp-image-117838\" src=\"https:\/\/www.sudoestehoje.com.br\/novoportal\/wp-content\/uploads\/2024\/07\/46ee84d3-e2d2-4b1e-84ba-e6ecf037d700-567x800.jpg\" alt=\"\" width=\"549\" height=\"775\" srcset=\"https:\/\/www.sudoestehoje.com.br\/novoportal\/wp-content\/uploads\/2024\/07\/46ee84d3-e2d2-4b1e-84ba-e6ecf037d700-567x800.jpg 567w, https:\/\/www.sudoestehoje.com.br\/novoportal\/wp-content\/uploads\/2024\/07\/46ee84d3-e2d2-4b1e-84ba-e6ecf037d700-700x988.jpg 700w, https:\/\/www.sudoestehoje.com.br\/novoportal\/wp-content\/uploads\/2024\/07\/46ee84d3-e2d2-4b1e-84ba-e6ecf037d700.jpg 714w\" sizes=\"auto, (max-width: 549px) 100vw, 549px\" \/><\/p>\n<p><strong>Faleceu, aos 98 anos, o Sr. Vadinho Vieira, \u00faltimo propriet\u00e1rio do ic\u00f4nico Bar e Sorveteria Maring\u00e1, em Itapetinga. Filho do pioneiro Olimpio Vieira, Vadinho residiu por muitos anos em Vila Velha, Esp\u00edrito Santo, onde montou o Res<\/strong>taurante Recanto Baiano.<\/p>\n<p><strong>Localizado na parte central da Pra\u00e7a Augusto Carvalho, o Maring\u00e1 era uma esp\u00e9cie de &#8216;senadinho&#8217;, onde fazendeiros e pol\u00edticos se encontravam para discutir problemas ligados \u00e0 economia e \u00e0 pol\u00edtica local e regional, numa \u00e9poca marcante para a hist\u00f3ria de Itapetinga.<\/strong><\/p>\n<p><strong>Foi demolido pelo ex-prefeito Jos\u00e9 Vaz Espinheira, na sua segunda gest\u00e3o, entre 1967 e 1970, sob intenso protesto da sociedade.  <\/strong><\/p>\n<p><strong>Aos familiares do amigo &#8216;Vadinho&#8217;, as nossas sinceras condol\u00eancias.<\/strong><\/p>\n<p><strong>Por Davi Ferraz<\/strong><\/p>\n","protected":false},"excerpt":{"rendered":"<p>Faleceu, aos 98 anos, o Sr. Vadinho Vieira, \u00faltimo propriet\u00e1rio do ic\u00f4nico Bar e Sorveteria Maring\u00e1, em Itapetinga. Filho do pioneiro Olimpio Vieira, Vadinho residiu por muitos anos em Vila Velha, Esp\u00edrito Santo, onde montou o Restaurante Recanto Baiano. Localizado na parte central da Pra\u00e7a Augusto Carvalho, o Maring\u00e1 era uma esp\u00e9cie de &#8216;senadinho&#8217;, onde [&hellip;]<\/p>\n","protected":false},"author":2,"featured_media":117838,"comment_status":"closed","ping_status":"open","sticky":false,"template":"","format":"standard","meta":{"footnotes":"","_links_to":"","_links_to_target":""},"categories":[1],"tags":[],"class_list":["post-117837","post","type-post","status-publish","format-standard","has-post-thumbnail","hentry","category-geral"],"views":660,"_links":{"self":[{"href":"https:\/\/www.sudoestehoje.com.br\/novoportal\/wp-json\/wp\/v2\/posts\/117837","targetHints":{"allow":["GET"]}}],"collection":[{"href":"https:\/\/www.sudoestehoje.com.br\/novoportal\/wp-json\/wp\/v2\/posts"}],"about":[{"href":"https:\/\/www.sudoestehoje.com.br\/novoportal\/wp-json\/wp\/v2\/types\/post"}],"author":[{"embeddable":true,"href":"https:\/\/www.sudoestehoje.com.br\/novoportal\/wp-json\/wp\/v2\/users\/2"}],"replies":[{"embeddable":true,"href":"https:\/\/www.sudoestehoje.com.br\/novoportal\/wp-json\/wp\/v2\/comments?post=117837"}],"version-history":[{"count":5,"href":"https:\/\/www.sudoestehoje.com.br\/novoportal\/wp-json\/wp\/v2\/posts\/117837\/revisions"}],"predecessor-version":[{"id":117843,"href":"https:\/\/www.sudoestehoje.com.br\/novoportal\/wp-json\/wp\/v2\/posts\/117837\/revisions\/117843"}],"wp:featuredmedia":[{"embeddable":true,"href":"https:\/\/www.sudoestehoje.com.br\/novoportal\/wp-json\/wp\/v2\/media\/117838"}],"wp:attachment":[{"href":"https:\/\/www.sudoestehoje.com.br\/novoportal\/wp-json\/wp\/v2\/media?parent=117837"}],"wp:term":[{"taxonomy":"category","embeddable":true,"href":"https:\/\/www.sudoestehoje.com.br\/novoportal\/wp-json\/wp\/v2\/categories?post=117837"},{"taxonomy":"post_tag","embeddable":true,"href":"https:\/\/www.sudoestehoje.com.br\/novoportal\/wp-json\/wp\/v2\/tags?post=117837"}],"curies":[{"name":"wp","href":"https:\/\/api.w.org\/{rel}","templated":true}]}}