
{"id":117831,"date":"2024-07-05T20:52:23","date_gmt":"2024-07-05T23:52:23","guid":{"rendered":"https:\/\/www.sudoestehoje.com.br\/novoportal\/?p=117831"},"modified":"2024-07-05T20:52:23","modified_gmt":"2024-07-05T23:52:23","slug":"calendario-eleitoral-justica-eleitoral-impoe-restricoes-a-pre-candidatos-veja","status":"publish","type":"post","link":"https:\/\/www.sudoestehoje.com.br\/novoportal\/2024\/07\/05\/calendario-eleitoral-justica-eleitoral-impoe-restricoes-a-pre-candidatos-veja\/","title":{"rendered":"CALEND\u00c1RIO ELEITORAL | JUSTI\u00c7A ELEITORAL IMP\u00d5E RESTRI\u00c7\u00d5ES A PR\u00c9-CANDIDATOS; VEJA"},"content":{"rendered":"<p><img loading=\"lazy\" decoding=\"async\" class=\"alignnone  wp-image-117835\" src=\"https:\/\/www.sudoestehoje.com.br\/novoportal\/wp-content\/uploads\/2024\/07\/741b3135d0a2569bc56624558dfe5c28-600x375.jpg\" alt=\"\" width=\"550\" height=\"344\" srcset=\"https:\/\/www.sudoestehoje.com.br\/novoportal\/wp-content\/uploads\/2024\/07\/741b3135d0a2569bc56624558dfe5c28-600x375.jpg 600w, https:\/\/www.sudoestehoje.com.br\/novoportal\/wp-content\/uploads\/2024\/07\/741b3135d0a2569bc56624558dfe5c28-700x438.jpg 700w, https:\/\/www.sudoestehoje.com.br\/novoportal\/wp-content\/uploads\/2024\/07\/741b3135d0a2569bc56624558dfe5c28.jpg 702w\" sizes=\"auto, (max-width: 550px) 100vw, 550px\" \/><\/p>\n<p><strong>A tr\u00eas meses das elei\u00e7\u00f5es, a Justi\u00e7a Eleitoral estabelece uma s\u00e9rie de restri\u00e7\u00f5es aos pr\u00e9-candidatos para garantir o equil\u00edbrio na disputa eleitoral. O primeiro turno ser\u00e1 realizado no dia 6 de outubro, e, se necess\u00e1rio, o segundo turno ocorrer\u00e1 no dia 27 do mesmo m\u00eas.<\/strong><\/p>\n<p><strong>Entre as limita\u00e7\u00f5es, est\u00e1 a proibi\u00e7\u00e3o de nomear ou contratar novos funcion\u00e1rios, bem como de dispensar sem justa causa, dificultar ou impedir o exerc\u00edcio funcional e remover, transferir ou exonerar servidores p\u00fablicos de of\u00edcio. Al\u00e9m disso, os pr\u00e9-candidatos n\u00e3o podem participar de inaugura\u00e7\u00f5es de obras p\u00fablicas.<\/strong><\/p>\n<h3><strong>Restri\u00e7\u00f5es para agentes p\u00fablicos:<\/strong><\/h3>\n<p><strong>De acordo com o calend\u00e1rio eleitoral, os agentes p\u00fablicos est\u00e3o proibidos de:<\/strong><\/p>\n<p><span style=\"color: #0000ff;\"><strong>Realizar transfer\u00eancias volunt\u00e1rias de recursos do governo federal para estados e munic\u00edpios, exceto para cumprir obriga\u00e7\u00f5es formais preexistentes relacionadas a obras ou servi\u00e7os em andamento com cronograma prefixado, e para atender situa\u00e7\u00f5es de emerg\u00eancia e calamidade p\u00fablica, devidamente justificadas.<\/strong><\/span><\/p>\n<p><span style=\"color: #0000ff;\"><strong>Autorizar publicidade institucional de atos, programas, obras, servi\u00e7os e campanhas dos \u00f3rg\u00e3os p\u00fablicos ou das entidades da administra\u00e7\u00e3o indireta, exceto em caso de grave e urgente necessidade p\u00fablica, reconhecida pela Justi\u00e7a Eleitoral. A propaganda de produtos e servi\u00e7os com concorr\u00eancia no mercado \u00e9 permitida.<\/strong><\/span><\/p>\n<p><span style=\"color: #0000ff;\"><strong>Fazer pronunciamentos em cadeia de r\u00e1dio e televis\u00e3o fora do hor\u00e1rio eleitoral gratuito, exceto quando se tratar de mat\u00e9ria urgente e relevante, a crit\u00e9rio da Justi\u00e7a Eleitoral.<\/strong><\/span><\/p>\n<p><span style=\"color: #0000ff;\"><strong>Contratar shows art\u00edsticos pagos com recursos p\u00fablicos para inaugura\u00e7\u00f5es de obras p\u00fablicas ou divulga\u00e7\u00e3o de presta\u00e7\u00e3o de servi\u00e7os p\u00fablicos.<\/strong><\/span><\/p>\n<p><strong>Essas medidas visam assegurar a imparcialidade e a justi\u00e7a no processo eleitoral, garantindo que todos os candidatos tenham condi\u00e7\u00f5es equitativas de participa\u00e7\u00e3o na disputa.<\/strong><\/p>\n","protected":false},"excerpt":{"rendered":"<p>A tr\u00eas meses das elei\u00e7\u00f5es, a Justi\u00e7a Eleitoral estabelece uma s\u00e9rie de restri\u00e7\u00f5es aos pr\u00e9-candidatos para garantir o equil\u00edbrio na disputa eleitoral. O primeiro turno ser\u00e1 realizado no dia 6 de outubro, e, se necess\u00e1rio, o segundo turno ocorrer\u00e1 no dia 27 do mesmo m\u00eas. Entre as limita\u00e7\u00f5es, est\u00e1 a proibi\u00e7\u00e3o de nomear ou contratar [&hellip;]<\/p>\n","protected":false},"author":2,"featured_media":117835,"comment_status":"closed","ping_status":"open","sticky":false,"template":"","format":"standard","meta":{"footnotes":"","_links_to":"","_links_to_target":""},"categories":[1],"tags":[],"class_list":["post-117831","post","type-post","status-publish","format-standard","has-post-thumbnail","hentry","category-geral"],"views":603,"_links":{"self":[{"href":"https:\/\/www.sudoestehoje.com.br\/novoportal\/wp-json\/wp\/v2\/posts\/117831","targetHints":{"allow":["GET"]}}],"collection":[{"href":"https:\/\/www.sudoestehoje.com.br\/novoportal\/wp-json\/wp\/v2\/posts"}],"about":[{"href":"https:\/\/www.sudoestehoje.com.br\/novoportal\/wp-json\/wp\/v2\/types\/post"}],"author":[{"embeddable":true,"href":"https:\/\/www.sudoestehoje.com.br\/novoportal\/wp-json\/wp\/v2\/users\/2"}],"replies":[{"embeddable":true,"href":"https:\/\/www.sudoestehoje.com.br\/novoportal\/wp-json\/wp\/v2\/comments?post=117831"}],"version-history":[{"count":4,"href":"https:\/\/www.sudoestehoje.com.br\/novoportal\/wp-json\/wp\/v2\/posts\/117831\/revisions"}],"predecessor-version":[{"id":117836,"href":"https:\/\/www.sudoestehoje.com.br\/novoportal\/wp-json\/wp\/v2\/posts\/117831\/revisions\/117836"}],"wp:featuredmedia":[{"embeddable":true,"href":"https:\/\/www.sudoestehoje.com.br\/novoportal\/wp-json\/wp\/v2\/media\/117835"}],"wp:attachment":[{"href":"https:\/\/www.sudoestehoje.com.br\/novoportal\/wp-json\/wp\/v2\/media?parent=117831"}],"wp:term":[{"taxonomy":"category","embeddable":true,"href":"https:\/\/www.sudoestehoje.com.br\/novoportal\/wp-json\/wp\/v2\/categories?post=117831"},{"taxonomy":"post_tag","embeddable":true,"href":"https:\/\/www.sudoestehoje.com.br\/novoportal\/wp-json\/wp\/v2\/tags?post=117831"}],"curies":[{"name":"wp","href":"https:\/\/api.w.org\/{rel}","templated":true}]}}