
{"id":117828,"date":"2024-07-05T20:24:13","date_gmt":"2024-07-05T23:24:13","guid":{"rendered":"https:\/\/www.sudoestehoje.com.br\/novoportal\/?p=117828"},"modified":"2024-07-05T20:24:13","modified_gmt":"2024-07-05T23:24:13","slug":"itapetinga-prefeitura-da-inicio-a-campanha-de-vacinacao-antirrabica","status":"publish","type":"post","link":"https:\/\/www.sudoestehoje.com.br\/novoportal\/2024\/07\/05\/itapetinga-prefeitura-da-inicio-a-campanha-de-vacinacao-antirrabica\/","title":{"rendered":"ITAPETINGA | PREFEITURA D\u00c1 IN\u00cdCIO \u00c0 CAMPANHA DE VACINA\u00c7\u00c3O ANTIRR\u00c1BICA"},"content":{"rendered":"<p><img loading=\"lazy\" decoding=\"async\" class=\"alignnone  wp-image-117829\" src=\"https:\/\/www.sudoestehoje.com.br\/novoportal\/wp-content\/uploads\/2024\/07\/image-600x385.png\" alt=\"\" width=\"550\" height=\"353\" srcset=\"https:\/\/www.sudoestehoje.com.br\/novoportal\/wp-content\/uploads\/2024\/07\/image-600x385.png 600w, https:\/\/www.sudoestehoje.com.br\/novoportal\/wp-content\/uploads\/2024\/07\/image.png 611w\" sizes=\"auto, (max-width: 550px) 100vw, 550px\" \/><\/p>\n<p><strong>A prefeitura de Itapetinga iniciar\u00e1, nesta segunda, a Campanha de Vacina\u00e7\u00e3o Antirr\u00e1bica para c\u00e3es e gatos. A estimava \u00e9 que cerca de 17.000 animais sejam imunizados na campanha. A vacina antirr\u00e1bica \u00e9 obrigat\u00f3ria para c\u00e3es e gatos. Cachorros devem receber a primeira dose aos 3 meses de idade, ou de acordo com a recomenda\u00e7\u00e3o do m\u00e9dico veterin\u00e1rio respons\u00e1vel.<\/strong><\/p>\n<p><strong>A raiva \u00e9 uma infec\u00e7\u00e3o viral aguda que pode acometer animais e seres humanos, atrav\u00e9s de uma mordida causada por animais infectados. O v\u00edrus que provoca a doen\u00e7a ataca o sistema nervosos central do hospedeiro, causando inflama\u00e7\u00e3o no c\u00e9rebro e que evolui de forma bem r\u00e1pida. A vacina antirr\u00e1bica \u00e9 ainda a \u00fanica forma de prevenir a doen\u00e7a, letal em quase 100% dos casos, e manter os pets saud\u00e1veis.<\/strong><\/p>\n<p><strong>A vacina\u00e7\u00e3o em Itapetinga vai acontecer por duas estrat\u00e9gias: por meio de pontos fixos de vacina\u00e7\u00e3o distribu\u00eddos pela cidade e pela vacina\u00e7\u00e3o na modalidade porta a porta, na qual a equipe de vigil\u00e2ncia epidemiol\u00f3gica percorre toda a zona rural do munic\u00edpio para realizar a imuniza\u00e7\u00e3o da popula\u00e7\u00e3o animal. \u201cNesta segunda, 08, iniciaremos a vacina\u00e7\u00e3o porta a porta na zona rural. Durante o m\u00eas percorreremos estradas e fazendas. Pedimos a todos que facilitem o acesso dos agentes e programem a prote\u00e7\u00e3o dos seus animais de acordo com o nosso cronograma\u201d, ressaltou Orlando Nunes, chefe da Vigil\u00e2ncia Epidemiol\u00f3gica.<\/strong><\/p>\n<p><strong>A raiva \u00e9 uma zoonose, doen\u00e7a que pode ser transmitida dos animais para o homem, como do homem para os animais. \u00c9 uma doen\u00e7a infecciosa viral aguda grave e pode ser transmitida ao homem pela saliva de animais infectados, principalmente por meio de mordida, arranh\u00f5es ou lambedura desses animais, podendo levar \u00e0 morte se n\u00e3o descoberta e tratada a tempo.<\/strong><\/p>\n<p><strong>Acompanhe o roteiro de vacina\u00e7\u00e3o na zona rural:<\/strong><br \/>\n<strong>08\/07: In\u00e1cio Fernandes, Paquet\u00e1 e Santa J\u00falia (estrada de Caatiba)<\/strong><br \/>\n<strong>09\/07: Limoeira (estrada de Caatiba) e Pil\u00e3ozinho, lados direito e esquerdo<\/strong><br \/>\n<strong>10\/07: Pil\u00e3ozinho<\/strong><br \/>\n<strong>11\/07: Fazenda Dona Nan\u00e1, lados esquerdo e direito<\/strong><br \/>\n<strong>15\/07: Pomp\u00edlio Espinheira at\u00e9 as Duas Barras e Cachoeira<\/strong><br \/>\n<strong>16\/07: Piabanha, lados esquerdo e direito<\/strong><br \/>\n<strong>17\/07: Estrada de Macarani, lado direito<\/strong><br \/>\n<strong>18\/07: Estrada de Macarani, lado esquerdo<\/strong><br \/>\n<strong>22\/07: Balsa de Herm\u00f3genes, lado direito<\/strong><br \/>\n<strong>23\/07: Balsa de Herm\u00f3genes, lado esquerdo<\/strong><br \/>\n<strong>24\/07: Tontom, lado esquerdo<\/strong><br \/>\n<strong>25\/07: Tontom, lado direito<\/strong><br \/>\n<strong>29\/07: Estrada de Adiel at\u00e9 a sa\u00edda de Potiragu\u00e1<\/strong><br \/>\n<strong>30\/07: Cavalo Preto, lado direito at\u00e9 Palmares<\/strong><br \/>\n<strong>31\/07: Cavalo Preto, lado esquerdo at\u00e9 Medi\u00e7\u00e3o<\/strong><br \/>\n<strong>01\/08 e 05\/08: Medi\u00e7\u00e3o at\u00e9 Pau Brasil<\/strong><br \/>\n<strong>06\/08: Estrada de Bandeira, lado direito<\/strong><br \/>\n<strong>07\/08: Estrada de Bandeira, lado esquerdo<\/strong><br \/>\n<strong>08\/08: Bem-Querer<\/strong><\/p>\n","protected":false},"excerpt":{"rendered":"<p>A prefeitura de Itapetinga iniciar\u00e1, nesta segunda, a Campanha de Vacina\u00e7\u00e3o Antirr\u00e1bica para c\u00e3es e gatos. A estimava \u00e9 que cerca de 17.000 animais sejam imunizados na campanha. A vacina antirr\u00e1bica \u00e9 obrigat\u00f3ria para c\u00e3es e gatos. Cachorros devem receber a primeira dose aos 3 meses de idade, ou de acordo com a recomenda\u00e7\u00e3o do [&hellip;]<\/p>\n","protected":false},"author":2,"featured_media":117829,"comment_status":"closed","ping_status":"open","sticky":false,"template":"","format":"standard","meta":{"footnotes":"","_links_to":"","_links_to_target":""},"categories":[1],"tags":[],"class_list":["post-117828","post","type-post","status-publish","format-standard","has-post-thumbnail","hentry","category-geral"],"views":570,"_links":{"self":[{"href":"https:\/\/www.sudoestehoje.com.br\/novoportal\/wp-json\/wp\/v2\/posts\/117828","targetHints":{"allow":["GET"]}}],"collection":[{"href":"https:\/\/www.sudoestehoje.com.br\/novoportal\/wp-json\/wp\/v2\/posts"}],"about":[{"href":"https:\/\/www.sudoestehoje.com.br\/novoportal\/wp-json\/wp\/v2\/types\/post"}],"author":[{"embeddable":true,"href":"https:\/\/www.sudoestehoje.com.br\/novoportal\/wp-json\/wp\/v2\/users\/2"}],"replies":[{"embeddable":true,"href":"https:\/\/www.sudoestehoje.com.br\/novoportal\/wp-json\/wp\/v2\/comments?post=117828"}],"version-history":[{"count":1,"href":"https:\/\/www.sudoestehoje.com.br\/novoportal\/wp-json\/wp\/v2\/posts\/117828\/revisions"}],"predecessor-version":[{"id":117830,"href":"https:\/\/www.sudoestehoje.com.br\/novoportal\/wp-json\/wp\/v2\/posts\/117828\/revisions\/117830"}],"wp:featuredmedia":[{"embeddable":true,"href":"https:\/\/www.sudoestehoje.com.br\/novoportal\/wp-json\/wp\/v2\/media\/117829"}],"wp:attachment":[{"href":"https:\/\/www.sudoestehoje.com.br\/novoportal\/wp-json\/wp\/v2\/media?parent=117828"}],"wp:term":[{"taxonomy":"category","embeddable":true,"href":"https:\/\/www.sudoestehoje.com.br\/novoportal\/wp-json\/wp\/v2\/categories?post=117828"},{"taxonomy":"post_tag","embeddable":true,"href":"https:\/\/www.sudoestehoje.com.br\/novoportal\/wp-json\/wp\/v2\/tags?post=117828"}],"curies":[{"name":"wp","href":"https:\/\/api.w.org\/{rel}","templated":true}]}}