
{"id":11781,"date":"2012-01-05T18:39:01","date_gmt":"2012-01-05T21:39:01","guid":{"rendered":"http:\/\/www.sudoestehoje.com.br\/novoportal\/?p=11781"},"modified":"2012-01-05T18:39:01","modified_gmt":"2012-01-05T21:39:01","slug":"acordo-eleitoral-entre-pmdb-e-dem-pode-levar-a-fusao","status":"publish","type":"post","link":"https:\/\/www.sudoestehoje.com.br\/novoportal\/2012\/01\/05\/acordo-eleitoral-entre-pmdb-e-dem-pode-levar-a-fusao\/","title":{"rendered":"ACORDO ELEITORAL ENTRE PMDB E DEM PODE LEVAR \u00c0 FUS\u00c3O"},"content":{"rendered":"<p style=\"text-align: center;\"><img decoding=\"async\" class=\"aligncenter\" src=\"http:\/\/2.bp.blogspot.com\/-oVVvZ706etM\/Ti1sn7zGRlI\/AAAAAAAAAkk\/U4PQGNl8jcQ\/s1600\/dem+e+pmdb+j%25C3%25A1.bmp\" alt=\"\" width=\"400\" \/><\/p>\n<p style=\"text-align: center;\"><em><strong>Temer trabalha a fus\u00e3o entre PMDB\/DEM e Dilma gosta<\/strong><\/em><\/p>\n<p>Sob o comando do vice-presidente Michel Temer, o PMDB -maior aliado do PT na coaliz\u00e3o governista- tenta atrair o oposicionista DEM para dobradinhas nas elei\u00e7\u00f5es municipais de outubro, a\u00e7\u00e3o que se bem-sucedida pode gerar uma futura fus\u00e3o. Apesar de n\u00e3o atuar diretamente, o Planalto v\u00ea com bons olhos a movimenta\u00e7\u00e3o. Al\u00e9m de ampliar sua base de apoio no Congresso, ela tamb\u00e9m abafaria algumas das principais vozes cr\u00edticas \u00e0 gest\u00e3o de Dilma Rousseff.<\/p>\n<p>O pr\u00f3prio Temer participa da costura das alian\u00e7as municipais, especialmente dedicado \u00e0 viabiliza\u00e7\u00e3o da candidatura do deputado federal Gabriel Chalita \u00e0 Prefeitura de S\u00e3o Paulo.<\/p>\n","protected":false},"excerpt":{"rendered":"<p>Temer trabalha a fus\u00e3o entre PMDB\/DEM e Dilma gosta Sob o comando do vice-presidente Michel Temer, o PMDB -maior aliado do PT na coaliz\u00e3o governista- tenta atrair o oposicionista DEM para dobradinhas nas elei\u00e7\u00f5es municipais de outubro, a\u00e7\u00e3o que se bem-sucedida pode gerar uma futura fus\u00e3o. Apesar de n\u00e3o atuar diretamente, o Planalto v\u00ea com [&hellip;]<\/p>\n","protected":false},"author":2,"featured_media":0,"comment_status":"open","ping_status":"open","sticky":false,"template":"","format":"standard","meta":{"footnotes":"","_links_to":"","_links_to_target":""},"categories":[1],"tags":[],"class_list":["post-11781","post","type-post","status-publish","format-standard","hentry","category-geral"],"views":1341,"_links":{"self":[{"href":"https:\/\/www.sudoestehoje.com.br\/novoportal\/wp-json\/wp\/v2\/posts\/11781","targetHints":{"allow":["GET"]}}],"collection":[{"href":"https:\/\/www.sudoestehoje.com.br\/novoportal\/wp-json\/wp\/v2\/posts"}],"about":[{"href":"https:\/\/www.sudoestehoje.com.br\/novoportal\/wp-json\/wp\/v2\/types\/post"}],"author":[{"embeddable":true,"href":"https:\/\/www.sudoestehoje.com.br\/novoportal\/wp-json\/wp\/v2\/users\/2"}],"replies":[{"embeddable":true,"href":"https:\/\/www.sudoestehoje.com.br\/novoportal\/wp-json\/wp\/v2\/comments?post=11781"}],"version-history":[{"count":7,"href":"https:\/\/www.sudoestehoje.com.br\/novoportal\/wp-json\/wp\/v2\/posts\/11781\/revisions"}],"predecessor-version":[{"id":11788,"href":"https:\/\/www.sudoestehoje.com.br\/novoportal\/wp-json\/wp\/v2\/posts\/11781\/revisions\/11788"}],"wp:attachment":[{"href":"https:\/\/www.sudoestehoje.com.br\/novoportal\/wp-json\/wp\/v2\/media?parent=11781"}],"wp:term":[{"taxonomy":"category","embeddable":true,"href":"https:\/\/www.sudoestehoje.com.br\/novoportal\/wp-json\/wp\/v2\/categories?post=11781"},{"taxonomy":"post_tag","embeddable":true,"href":"https:\/\/www.sudoestehoje.com.br\/novoportal\/wp-json\/wp\/v2\/tags?post=11781"}],"curies":[{"name":"wp","href":"https:\/\/api.w.org\/{rel}","templated":true}]}}