
{"id":117805,"date":"2024-07-04T09:11:58","date_gmt":"2024-07-04T12:11:58","guid":{"rendered":"https:\/\/www.sudoestehoje.com.br\/novoportal\/?p=117805"},"modified":"2024-07-04T09:11:58","modified_gmt":"2024-07-04T12:11:58","slug":"itapetinga-tempo-fechado-com-previsao-de-chuvas-durante-a-semana","status":"publish","type":"post","link":"https:\/\/www.sudoestehoje.com.br\/novoportal\/2024\/07\/04\/itapetinga-tempo-fechado-com-previsao-de-chuvas-durante-a-semana\/","title":{"rendered":"ITAPETINGA | TEMPO FECHADO COM PREVIS\u00c3O DE CHUVAS DURANTE A SEMANA"},"content":{"rendered":"<p><img loading=\"lazy\" decoding=\"async\" class=\"alignnone  wp-image-117806\" src=\"https:\/\/www.sudoestehoje.com.br\/novoportal\/wp-content\/uploads\/2024\/07\/WhatsApp-Image-2024-07-04-at-09.07.32-600x269.jpeg\" alt=\"\" width=\"551\" height=\"247\" srcset=\"https:\/\/www.sudoestehoje.com.br\/novoportal\/wp-content\/uploads\/2024\/07\/WhatsApp-Image-2024-07-04-at-09.07.32-600x269.jpeg 600w, https:\/\/www.sudoestehoje.com.br\/novoportal\/wp-content\/uploads\/2024\/07\/WhatsApp-Image-2024-07-04-at-09.07.32-700x314.jpeg 700w, https:\/\/www.sudoestehoje.com.br\/novoportal\/wp-content\/uploads\/2024\/07\/WhatsApp-Image-2024-07-04-at-09.07.32-768x345.jpeg 768w, https:\/\/www.sudoestehoje.com.br\/novoportal\/wp-content\/uploads\/2024\/07\/WhatsApp-Image-2024-07-04-at-09.07.32.jpeg 1078w\" sizes=\"auto, (max-width: 551px) 100vw, 551px\" \/><\/p>\n<p><strong>Mesmo em pleno inverno, quando predominam o frio e chuvas finas, pancadas de chuvas mais fortes est\u00e3o previstas para Itapetinga e toda a regi\u00e3o, a partir desta quinta-feira (4).<\/strong><\/p>\n<p><strong>21\u00b0C \u00e9 a temperatura do momento, devendo subir durante o per\u00edodo, chegando aos 27\u00b0C. Chove no final da tarde e \u00e0 noite<\/strong>.<\/p>\n<p><strong>A previs\u00e3o dos institutos de meteorologia \u00e9 de um inverno at\u00edpico, com temperaturas mais elevadas que nos anos anteriores.<\/strong><\/p>\n<p><strong>Chuvas moderadas n\u00e3o fazem mal a ningu\u00e9m&#8230;<\/strong><\/p>\n<p><strong>Por Davi Ferraz<\/strong><\/p>\n","protected":false},"excerpt":{"rendered":"<p>Mesmo em pleno inverno, quando predominam o frio e chuvas finas, pancadas de chuvas mais fortes est\u00e3o previstas para Itapetinga e toda a regi\u00e3o, a partir desta quinta-feira (4). 21\u00b0C \u00e9 a temperatura do momento, devendo subir durante o per\u00edodo, chegando aos 27\u00b0C. Chove no final da tarde e \u00e0 noite. A previs\u00e3o dos institutos [&hellip;]<\/p>\n","protected":false},"author":2,"featured_media":117806,"comment_status":"closed","ping_status":"open","sticky":false,"template":"","format":"standard","meta":{"footnotes":"","_links_to":"","_links_to_target":""},"categories":[1],"tags":[],"class_list":["post-117805","post","type-post","status-publish","format-standard","has-post-thumbnail","hentry","category-geral"],"views":472,"_links":{"self":[{"href":"https:\/\/www.sudoestehoje.com.br\/novoportal\/wp-json\/wp\/v2\/posts\/117805","targetHints":{"allow":["GET"]}}],"collection":[{"href":"https:\/\/www.sudoestehoje.com.br\/novoportal\/wp-json\/wp\/v2\/posts"}],"about":[{"href":"https:\/\/www.sudoestehoje.com.br\/novoportal\/wp-json\/wp\/v2\/types\/post"}],"author":[{"embeddable":true,"href":"https:\/\/www.sudoestehoje.com.br\/novoportal\/wp-json\/wp\/v2\/users\/2"}],"replies":[{"embeddable":true,"href":"https:\/\/www.sudoestehoje.com.br\/novoportal\/wp-json\/wp\/v2\/comments?post=117805"}],"version-history":[{"count":2,"href":"https:\/\/www.sudoestehoje.com.br\/novoportal\/wp-json\/wp\/v2\/posts\/117805\/revisions"}],"predecessor-version":[{"id":117808,"href":"https:\/\/www.sudoestehoje.com.br\/novoportal\/wp-json\/wp\/v2\/posts\/117805\/revisions\/117808"}],"wp:featuredmedia":[{"embeddable":true,"href":"https:\/\/www.sudoestehoje.com.br\/novoportal\/wp-json\/wp\/v2\/media\/117806"}],"wp:attachment":[{"href":"https:\/\/www.sudoestehoje.com.br\/novoportal\/wp-json\/wp\/v2\/media?parent=117805"}],"wp:term":[{"taxonomy":"category","embeddable":true,"href":"https:\/\/www.sudoestehoje.com.br\/novoportal\/wp-json\/wp\/v2\/categories?post=117805"},{"taxonomy":"post_tag","embeddable":true,"href":"https:\/\/www.sudoestehoje.com.br\/novoportal\/wp-json\/wp\/v2\/tags?post=117805"}],"curies":[{"name":"wp","href":"https:\/\/api.w.org\/{rel}","templated":true}]}}