
{"id":117785,"date":"2024-07-02T21:57:21","date_gmt":"2024-07-03T00:57:21","guid":{"rendered":"https:\/\/www.sudoestehoje.com.br\/novoportal\/?p=117785"},"modified":"2024-07-03T09:26:21","modified_gmt":"2024-07-03T12:26:21","slug":"luto-morre-o-pecuarista-zequinha-pales","status":"publish","type":"post","link":"https:\/\/www.sudoestehoje.com.br\/novoportal\/2024\/07\/02\/luto-morre-o-pecuarista-zequinha-pales\/","title":{"rendered":"LUTO | MORRE O PECUARISTA ZEQUINHA PALES"},"content":{"rendered":"<p><img loading=\"lazy\" decoding=\"async\" class=\"alignnone wp-image-117788\" src=\"https:\/\/www.sudoestehoje.com.br\/novoportal\/wp-content\/uploads\/2024\/07\/592537eb-b0bd-42d1-841a-ca1209c7527d-600x599.jpg\" alt=\"\" width=\"551\" height=\"550\" srcset=\"https:\/\/www.sudoestehoje.com.br\/novoportal\/wp-content\/uploads\/2024\/07\/592537eb-b0bd-42d1-841a-ca1209c7527d-600x599.jpg 600w, https:\/\/www.sudoestehoje.com.br\/novoportal\/wp-content\/uploads\/2024\/07\/592537eb-b0bd-42d1-841a-ca1209c7527d-700x699.jpg 700w, https:\/\/www.sudoestehoje.com.br\/novoportal\/wp-content\/uploads\/2024\/07\/592537eb-b0bd-42d1-841a-ca1209c7527d-150x150.jpg 150w, https:\/\/www.sudoestehoje.com.br\/novoportal\/wp-content\/uploads\/2024\/07\/592537eb-b0bd-42d1-841a-ca1209c7527d-768x767.jpg 768w, https:\/\/www.sudoestehoje.com.br\/novoportal\/wp-content\/uploads\/2024\/07\/592537eb-b0bd-42d1-841a-ca1209c7527d.jpg 1080w\" sizes=\"auto, (max-width: 551px) 100vw, 551px\" \/><\/p>\n<p><strong>Faleceu, nesta ter\u00e7a-feira (2), o pecuarista Zequinha Alves Pales, 81 anos, filho de um dos pioneiros de Itapetinga, Zeca Alves (in memoria).<\/strong><\/p>\n<p><strong>De acordo com informa\u00e7\u00f5es de familiares, Zequina andava pela rua Potiragu\u00e1, no bairro Camacan, quando sofreu uma queda e bateu com a cabe\u00e7a em uma guia. O Samu foi acionado, mas o paciente n\u00e3o resistiu e acabou vindo a \u00f3bito no HCR.<\/strong><\/p>\n<p><strong>O Sudoeste Hoje lamenta a passagem do amigo, estendendo seu pesar aos filhos e demais familiares.<\/strong><\/p>\n<p><strong>Davi Ferraz &#8211; Editor<\/strong><\/p>\n","protected":false},"excerpt":{"rendered":"<p>Faleceu, nesta ter\u00e7a-feira (2), o pecuarista Zequinha Alves Pales, 81 anos, filho de um dos pioneiros de Itapetinga, Zeca Alves (in memoria). De acordo com informa\u00e7\u00f5es de familiares, Zequina andava pela rua Potiragu\u00e1, no bairro Camacan, quando sofreu uma queda e bateu com a cabe\u00e7a em uma guia. O Samu foi acionado, mas o paciente [&hellip;]<\/p>\n","protected":false},"author":2,"featured_media":117788,"comment_status":"closed","ping_status":"open","sticky":false,"template":"","format":"standard","meta":{"footnotes":"","_links_to":"","_links_to_target":""},"categories":[1],"tags":[],"class_list":["post-117785","post","type-post","status-publish","format-standard","has-post-thumbnail","hentry","category-geral"],"views":2022,"_links":{"self":[{"href":"https:\/\/www.sudoestehoje.com.br\/novoportal\/wp-json\/wp\/v2\/posts\/117785","targetHints":{"allow":["GET"]}}],"collection":[{"href":"https:\/\/www.sudoestehoje.com.br\/novoportal\/wp-json\/wp\/v2\/posts"}],"about":[{"href":"https:\/\/www.sudoestehoje.com.br\/novoportal\/wp-json\/wp\/v2\/types\/post"}],"author":[{"embeddable":true,"href":"https:\/\/www.sudoestehoje.com.br\/novoportal\/wp-json\/wp\/v2\/users\/2"}],"replies":[{"embeddable":true,"href":"https:\/\/www.sudoestehoje.com.br\/novoportal\/wp-json\/wp\/v2\/comments?post=117785"}],"version-history":[{"count":7,"href":"https:\/\/www.sudoestehoje.com.br\/novoportal\/wp-json\/wp\/v2\/posts\/117785\/revisions"}],"predecessor-version":[{"id":117793,"href":"https:\/\/www.sudoestehoje.com.br\/novoportal\/wp-json\/wp\/v2\/posts\/117785\/revisions\/117793"}],"wp:featuredmedia":[{"embeddable":true,"href":"https:\/\/www.sudoestehoje.com.br\/novoportal\/wp-json\/wp\/v2\/media\/117788"}],"wp:attachment":[{"href":"https:\/\/www.sudoestehoje.com.br\/novoportal\/wp-json\/wp\/v2\/media?parent=117785"}],"wp:term":[{"taxonomy":"category","embeddable":true,"href":"https:\/\/www.sudoestehoje.com.br\/novoportal\/wp-json\/wp\/v2\/categories?post=117785"},{"taxonomy":"post_tag","embeddable":true,"href":"https:\/\/www.sudoestehoje.com.br\/novoportal\/wp-json\/wp\/v2\/tags?post=117785"}],"curies":[{"name":"wp","href":"https:\/\/api.w.org\/{rel}","templated":true}]}}