
{"id":117780,"date":"2024-07-02T18:15:41","date_gmt":"2024-07-02T21:15:41","guid":{"rendered":"https:\/\/www.sudoestehoje.com.br\/novoportal\/?p=117780"},"modified":"2024-07-02T19:27:45","modified_gmt":"2024-07-02T22:27:45","slug":"entre-apausos-e-vaias-lula-participa-do-desfile-civico-do-2-e-julho-na-bahia","status":"publish","type":"post","link":"https:\/\/www.sudoestehoje.com.br\/novoportal\/2024\/07\/02\/entre-apausos-e-vaias-lula-participa-do-desfile-civico-do-2-e-julho-na-bahia\/","title":{"rendered":"ENTRE APLAUSOS E VAIAS, LULA PARTICIPA DO DESFILE C\u00cdVICO DO 2 E JULHO NA BAHIA"},"content":{"rendered":"<p><img loading=\"lazy\" decoding=\"async\" class=\"alignnone  wp-image-117782\" src=\"https:\/\/www.sudoestehoje.com.br\/novoportal\/wp-content\/uploads\/2024\/07\/auto-upload-2288084-article-600x400.webp\" alt=\"\" width=\"551\" height=\"367\" srcset=\"https:\/\/www.sudoestehoje.com.br\/novoportal\/wp-content\/uploads\/2024\/07\/auto-upload-2288084-article-600x400.webp 600w, https:\/\/www.sudoestehoje.com.br\/novoportal\/wp-content\/uploads\/2024\/07\/auto-upload-2288084-article-700x466.webp 700w, https:\/\/www.sudoestehoje.com.br\/novoportal\/wp-content\/uploads\/2024\/07\/auto-upload-2288084-article-768x512.webp 768w, https:\/\/www.sudoestehoje.com.br\/novoportal\/wp-content\/uploads\/2024\/07\/auto-upload-2288084-article.webp 1201w\" sizes=\"auto, (max-width: 551px) 100vw, 551px\" \/><\/p>\n<p><strong>Em cima de uma caminhonete, o presidente Lula participou do desfile c\u00edvico do 2 de julho, em Salvador, nesta ter\u00e7a-feira (2). Ele n\u00e3o esteve presente na cerim\u00f4nia de abertura da festa, no hasteamento das bandeiras no Largo da Lapinha, mas entrou no circuito em ve\u00edculo aberto no Largo da Soledade, como virou costume nas suas \u00faltimas participa\u00e7\u00f5es. No trajeto, por\u00e9m, n\u00e3o se v\u00ea apenas manifesta\u00e7\u00f5es positivas.<\/strong><\/p>\n<p><strong>Ao lado do presidente, estava a primeira-dama Janja, al\u00e9m do governador Jer\u00f4nimo Rodrigues. No carro, tamb\u00e9m estava Geraldo J\u00fanior, pr\u00e9-candidato \u00e0 prefeitura de Salvador pelo MDB. Apesar disso, as a\u00e7\u00f5es dos presentes que se apertavam para ver a comitiva s\u00e3o referentes ao presidente. <\/strong><\/p>\n<p><strong>Ao longo do percurso, al\u00e9m de do apoio de petistas, se v\u00ea tamb\u00e9m grupos que vaiaram a comitiva do presidente e do governador. \/\/Correio<\/strong><\/p>\n","protected":false},"excerpt":{"rendered":"<p>Em cima de uma caminhonete, o presidente Lula participou do desfile c\u00edvico do 2 de julho, em Salvador, nesta ter\u00e7a-feira (2). Ele n\u00e3o esteve presente na cerim\u00f4nia de abertura da festa, no hasteamento das bandeiras no Largo da Lapinha, mas entrou no circuito em ve\u00edculo aberto no Largo da Soledade, como virou costume nas suas [&hellip;]<\/p>\n","protected":false},"author":2,"featured_media":117782,"comment_status":"closed","ping_status":"open","sticky":false,"template":"","format":"standard","meta":{"footnotes":"","_links_to":"","_links_to_target":""},"categories":[1],"tags":[],"class_list":["post-117780","post","type-post","status-publish","format-standard","has-post-thumbnail","hentry","category-geral"],"views":1535,"_links":{"self":[{"href":"https:\/\/www.sudoestehoje.com.br\/novoportal\/wp-json\/wp\/v2\/posts\/117780","targetHints":{"allow":["GET"]}}],"collection":[{"href":"https:\/\/www.sudoestehoje.com.br\/novoportal\/wp-json\/wp\/v2\/posts"}],"about":[{"href":"https:\/\/www.sudoestehoje.com.br\/novoportal\/wp-json\/wp\/v2\/types\/post"}],"author":[{"embeddable":true,"href":"https:\/\/www.sudoestehoje.com.br\/novoportal\/wp-json\/wp\/v2\/users\/2"}],"replies":[{"embeddable":true,"href":"https:\/\/www.sudoestehoje.com.br\/novoportal\/wp-json\/wp\/v2\/comments?post=117780"}],"version-history":[{"count":3,"href":"https:\/\/www.sudoestehoje.com.br\/novoportal\/wp-json\/wp\/v2\/posts\/117780\/revisions"}],"predecessor-version":[{"id":117784,"href":"https:\/\/www.sudoestehoje.com.br\/novoportal\/wp-json\/wp\/v2\/posts\/117780\/revisions\/117784"}],"wp:featuredmedia":[{"embeddable":true,"href":"https:\/\/www.sudoestehoje.com.br\/novoportal\/wp-json\/wp\/v2\/media\/117782"}],"wp:attachment":[{"href":"https:\/\/www.sudoestehoje.com.br\/novoportal\/wp-json\/wp\/v2\/media?parent=117780"}],"wp:term":[{"taxonomy":"category","embeddable":true,"href":"https:\/\/www.sudoestehoje.com.br\/novoportal\/wp-json\/wp\/v2\/categories?post=117780"},{"taxonomy":"post_tag","embeddable":true,"href":"https:\/\/www.sudoestehoje.com.br\/novoportal\/wp-json\/wp\/v2\/tags?post=117780"}],"curies":[{"name":"wp","href":"https:\/\/api.w.org\/{rel}","templated":true}]}}