
{"id":117753,"date":"2024-06-30T22:14:22","date_gmt":"2024-07-01T01:14:22","guid":{"rendered":"https:\/\/www.sudoestehoje.com.br\/novoportal\/?p=117753"},"modified":"2024-06-30T22:17:29","modified_gmt":"2024-07-01T01:17:29","slug":"eleicoes-eduardo-hagge-tem-agenda-de-reunioes-com-partidos-e-pre-candidatos-a-vereador","status":"publish","type":"post","link":"https:\/\/www.sudoestehoje.com.br\/novoportal\/2024\/06\/30\/eleicoes-eduardo-hagge-tem-agenda-de-reunioes-com-partidos-e-pre-candidatos-a-vereador\/","title":{"rendered":"ELEI\u00c7\u00d5ES | EDUARDO HAGGE TEM AGENDA DE REUNI\u00d5ES COM PARTIDOS E PR\u00c9-CANDIDATOS A VEREADOR"},"content":{"rendered":"<p><img loading=\"lazy\" decoding=\"async\" class=\"alignnone size-medium wp-image-117756\" src=\"https:\/\/www.sudoestehoje.com.br\/novoportal\/wp-content\/uploads\/2024\/06\/a554f8b4-8c34-4111-8fd1-e4e07c532a8d-450x800.jpg\" alt=\"\" width=\"450\" height=\"800\" srcset=\"https:\/\/www.sudoestehoje.com.br\/novoportal\/wp-content\/uploads\/2024\/06\/a554f8b4-8c34-4111-8fd1-e4e07c532a8d-450x800.jpg 450w, https:\/\/www.sudoestehoje.com.br\/novoportal\/wp-content\/uploads\/2024\/06\/a554f8b4-8c34-4111-8fd1-e4e07c532a8d-563x1000.jpg 563w, https:\/\/www.sudoestehoje.com.br\/novoportal\/wp-content\/uploads\/2024\/06\/a554f8b4-8c34-4111-8fd1-e4e07c532a8d-768x1365.jpg 768w, https:\/\/www.sudoestehoje.com.br\/novoportal\/wp-content\/uploads\/2024\/06\/a554f8b4-8c34-4111-8fd1-e4e07c532a8d-864x1536.jpg 864w, https:\/\/www.sudoestehoje.com.br\/novoportal\/wp-content\/uploads\/2024\/06\/a554f8b4-8c34-4111-8fd1-e4e07c532a8d.jpg 900w\" sizes=\"auto, (max-width: 450px) 100vw, 450px\" \/><\/p>\n<p><strong>Juntamente com a coordena\u00e7\u00e3o da sua pr\u00e9-campanha a prefeito, Eduardo Hagge (MDB) se reunir\u00e1, durante toda a semana, com lideran\u00e7as partid\u00e1rias e pr\u00e9-candidatos a vereador da sua base de apoio, para tratar das diretrizes da campanha eleitoral que se aproxima.\u00a0<\/strong><\/p>\n<p><strong>Os encontros acontecer\u00e3o nos dias 03, 04, 05 e 06 de julho, de acordo com agenda divulgada pelo comando da pr\u00e9-campanha. \/\/SH<\/strong><\/p>\n","protected":false},"excerpt":{"rendered":"<p>Juntamente com a coordena\u00e7\u00e3o da sua pr\u00e9-campanha a prefeito, Eduardo Hagge (MDB) se reunir\u00e1, durante toda a semana, com lideran\u00e7as partid\u00e1rias e pr\u00e9-candidatos a vereador da sua base de apoio, para tratar das diretrizes da campanha eleitoral que se aproxima.\u00a0 Os encontros acontecer\u00e3o nos dias 03, 04, 05 e 06 de julho, de acordo com [&hellip;]<\/p>\n","protected":false},"author":2,"featured_media":117756,"comment_status":"closed","ping_status":"open","sticky":false,"template":"","format":"standard","meta":{"footnotes":"","_links_to":"","_links_to_target":""},"categories":[1],"tags":[],"class_list":["post-117753","post","type-post","status-publish","format-standard","has-post-thumbnail","hentry","category-geral"],"views":659,"_links":{"self":[{"href":"https:\/\/www.sudoestehoje.com.br\/novoportal\/wp-json\/wp\/v2\/posts\/117753","targetHints":{"allow":["GET"]}}],"collection":[{"href":"https:\/\/www.sudoestehoje.com.br\/novoportal\/wp-json\/wp\/v2\/posts"}],"about":[{"href":"https:\/\/www.sudoestehoje.com.br\/novoportal\/wp-json\/wp\/v2\/types\/post"}],"author":[{"embeddable":true,"href":"https:\/\/www.sudoestehoje.com.br\/novoportal\/wp-json\/wp\/v2\/users\/2"}],"replies":[{"embeddable":true,"href":"https:\/\/www.sudoestehoje.com.br\/novoportal\/wp-json\/wp\/v2\/comments?post=117753"}],"version-history":[{"count":4,"href":"https:\/\/www.sudoestehoje.com.br\/novoportal\/wp-json\/wp\/v2\/posts\/117753\/revisions"}],"predecessor-version":[{"id":117758,"href":"https:\/\/www.sudoestehoje.com.br\/novoportal\/wp-json\/wp\/v2\/posts\/117753\/revisions\/117758"}],"wp:featuredmedia":[{"embeddable":true,"href":"https:\/\/www.sudoestehoje.com.br\/novoportal\/wp-json\/wp\/v2\/media\/117756"}],"wp:attachment":[{"href":"https:\/\/www.sudoestehoje.com.br\/novoportal\/wp-json\/wp\/v2\/media?parent=117753"}],"wp:term":[{"taxonomy":"category","embeddable":true,"href":"https:\/\/www.sudoestehoje.com.br\/novoportal\/wp-json\/wp\/v2\/categories?post=117753"},{"taxonomy":"post_tag","embeddable":true,"href":"https:\/\/www.sudoestehoje.com.br\/novoportal\/wp-json\/wp\/v2\/tags?post=117753"}],"curies":[{"name":"wp","href":"https:\/\/api.w.org\/{rel}","templated":true}]}}