
{"id":117749,"date":"2024-06-30T21:32:41","date_gmt":"2024-07-01T00:32:41","guid":{"rendered":"https:\/\/www.sudoestehoje.com.br\/novoportal\/?p=117749"},"modified":"2024-06-30T21:32:41","modified_gmt":"2024-07-01T00:32:41","slug":"conquista-ultrapassagem-indevida-causa-morte-de-tres-pessoas-na-br-116","status":"publish","type":"post","link":"https:\/\/www.sudoestehoje.com.br\/novoportal\/2024\/06\/30\/conquista-ultrapassagem-indevida-causa-morte-de-tres-pessoas-na-br-116\/","title":{"rendered":"CONQUISTA | ULTRAPASSAGEM INDEVIDA CAUSA MORTE DE TR\u00caS PESSOAS NA BR-116"},"content":{"rendered":"<p><img loading=\"lazy\" decoding=\"async\" class=\"alignnone  wp-image-117750\" src=\"https:\/\/www.sudoestehoje.com.br\/novoportal\/wp-content\/uploads\/2024\/06\/IMG_8741-640x386-1-600x362.jpeg\" alt=\"\" width=\"549\" height=\"331\" srcset=\"https:\/\/www.sudoestehoje.com.br\/novoportal\/wp-content\/uploads\/2024\/06\/IMG_8741-640x386-1-600x362.jpeg 600w, https:\/\/www.sudoestehoje.com.br\/novoportal\/wp-content\/uploads\/2024\/06\/IMG_8741-640x386-1.jpeg 640w\" sizes=\"auto, (max-width: 549px) 100vw, 549px\" \/><\/p>\n<p><strong>A Pol\u00edcia Rodovi\u00e1ria Federal divulgou as causas do acidente que vitimou tr\u00eas pessoas na madrugada deste domingo, 30, na BR-116.\u00a0Segundo a PRF, o FIAT\/Siena colidiu lateralmente com um caminh\u00e3o e, na sequ\u00eancia, bateu em uma carreta que seguia logo ap\u00f3s o caminh\u00e3o.<\/strong><\/p>\n<p><strong>As informa\u00e7\u00f5es preliminares indicam como causa do acidente uma ultrapassagem indevida.\u00a0Os tr\u00eas ocupantes do Siena morreram no local. Os tr\u00eas foram identificados como: Lucas Alves Ara\u00fajo, Leidiana Souza Cortes e Guaciara Moreira.<\/strong><\/p>\n<p><strong>ViaBahia e DPT tamb\u00e9m estiveram no local.\u00a0Os corpos foram removidos pelo Departamento de Pol\u00edcia T\u00e9cnica de Vit\u00f3ria da Conquista.<\/strong><\/p>\n<p><strong>As v\u00edtimas retornavam de uma festa junina na cidade de Belo Campo.<\/strong><\/p>\n","protected":false},"excerpt":{"rendered":"<p>A Pol\u00edcia Rodovi\u00e1ria Federal divulgou as causas do acidente que vitimou tr\u00eas pessoas na madrugada deste domingo, 30, na BR-116.\u00a0Segundo a PRF, o FIAT\/Siena colidiu lateralmente com um caminh\u00e3o e, na sequ\u00eancia, bateu em uma carreta que seguia logo ap\u00f3s o caminh\u00e3o. As informa\u00e7\u00f5es preliminares indicam como causa do acidente uma ultrapassagem indevida.\u00a0Os tr\u00eas ocupantes [&hellip;]<\/p>\n","protected":false},"author":2,"featured_media":117750,"comment_status":"closed","ping_status":"open","sticky":false,"template":"","format":"standard","meta":{"footnotes":"","_links_to":"","_links_to_target":""},"categories":[1],"tags":[],"class_list":["post-117749","post","type-post","status-publish","format-standard","has-post-thumbnail","hentry","category-geral"],"views":2187,"_links":{"self":[{"href":"https:\/\/www.sudoestehoje.com.br\/novoportal\/wp-json\/wp\/v2\/posts\/117749","targetHints":{"allow":["GET"]}}],"collection":[{"href":"https:\/\/www.sudoestehoje.com.br\/novoportal\/wp-json\/wp\/v2\/posts"}],"about":[{"href":"https:\/\/www.sudoestehoje.com.br\/novoportal\/wp-json\/wp\/v2\/types\/post"}],"author":[{"embeddable":true,"href":"https:\/\/www.sudoestehoje.com.br\/novoportal\/wp-json\/wp\/v2\/users\/2"}],"replies":[{"embeddable":true,"href":"https:\/\/www.sudoestehoje.com.br\/novoportal\/wp-json\/wp\/v2\/comments?post=117749"}],"version-history":[{"count":2,"href":"https:\/\/www.sudoestehoje.com.br\/novoportal\/wp-json\/wp\/v2\/posts\/117749\/revisions"}],"predecessor-version":[{"id":117752,"href":"https:\/\/www.sudoestehoje.com.br\/novoportal\/wp-json\/wp\/v2\/posts\/117749\/revisions\/117752"}],"wp:featuredmedia":[{"embeddable":true,"href":"https:\/\/www.sudoestehoje.com.br\/novoportal\/wp-json\/wp\/v2\/media\/117750"}],"wp:attachment":[{"href":"https:\/\/www.sudoestehoje.com.br\/novoportal\/wp-json\/wp\/v2\/media?parent=117749"}],"wp:term":[{"taxonomy":"category","embeddable":true,"href":"https:\/\/www.sudoestehoje.com.br\/novoportal\/wp-json\/wp\/v2\/categories?post=117749"},{"taxonomy":"post_tag","embeddable":true,"href":"https:\/\/www.sudoestehoje.com.br\/novoportal\/wp-json\/wp\/v2\/tags?post=117749"}],"curies":[{"name":"wp","href":"https:\/\/api.w.org\/{rel}","templated":true}]}}