
{"id":117725,"date":"2024-06-27T11:14:44","date_gmt":"2024-06-27T14:14:44","guid":{"rendered":"https:\/\/www.sudoestehoje.com.br\/novoportal\/?p=117725"},"modified":"2024-06-27T11:14:44","modified_gmt":"2024-06-27T14:14:44","slug":"pedro-tavares-propoe-inclusao-do-metodo-aba-para-pessoas-com-espectro-autista-na-rede-estadual-de-ensino","status":"publish","type":"post","link":"https:\/\/www.sudoestehoje.com.br\/novoportal\/2024\/06\/27\/pedro-tavares-propoe-inclusao-do-metodo-aba-para-pessoas-com-espectro-autista-na-rede-estadual-de-ensino\/","title":{"rendered":"PEDRO TAVARES PROP\u00d5E INCLUS\u00c3O DO M\u00c9TODO ABA PARA PESSOAS COM ESPECTRO AUTISTA NA REDE ESTADUAL DE ENSINO"},"content":{"rendered":"<p><img loading=\"lazy\" decoding=\"async\" class=\"alignnone  wp-image-117726\" src=\"https:\/\/www.sudoestehoje.com.br\/novoportal\/wp-content\/uploads\/2024\/06\/6dd3be5d-8f72-486f-ba80-7c8fac0a989b-600x338.jpg\" alt=\"\" width=\"549\" height=\"309\" srcset=\"https:\/\/www.sudoestehoje.com.br\/novoportal\/wp-content\/uploads\/2024\/06\/6dd3be5d-8f72-486f-ba80-7c8fac0a989b-600x338.jpg 600w, https:\/\/www.sudoestehoje.com.br\/novoportal\/wp-content\/uploads\/2024\/06\/6dd3be5d-8f72-486f-ba80-7c8fac0a989b-700x394.jpg 700w, https:\/\/www.sudoestehoje.com.br\/novoportal\/wp-content\/uploads\/2024\/06\/6dd3be5d-8f72-486f-ba80-7c8fac0a989b-768x432.jpg 768w, https:\/\/www.sudoestehoje.com.br\/novoportal\/wp-content\/uploads\/2024\/06\/6dd3be5d-8f72-486f-ba80-7c8fac0a989b.jpg 951w\" sizes=\"auto, (max-width: 549px) 100vw, 549px\" \/><\/p>\n<p><strong>O deputado Pedro Tavares (Uni\u00e3o Brasil) apresentou um projeto de lei que prev\u00ea a inclus\u00e3o do m\u00e9todo ABA (An\u00e1lise Aplicada do Comportamento) para o tratamento de pacientes com Transtorno do Espectro Autista (TEA) na rede p\u00fablica estadual de sa\u00fade nos casos em que houver recomenda\u00e7\u00e3o m\u00e9dica. Demonstrando preocupa\u00e7\u00e3o com a assist\u00eancia \u00e0s crian\u00e7as e jovens com autismo na Bahia, o deputado \u00e9 autor de outros projetos voltados \u00e0 causa.<\/strong><\/p>\n<p><strong>Na proposta, Tavares explicou que o m\u00e9todo ABA \u00e9 uma t\u00e9cnica espec\u00edfica utilizada por diversos profissionais de sa\u00fade, durante os seus atendimentos com a finalidade de observar e explicar a associa\u00e7\u00e3o entre o ambiente, o comportamento humano e a aprendizagem.<\/strong><\/p>\n<p><strong>O deputado lembrou que uma em cada 59 crian\u00e7as tem algum tipo de transtorno relacionado ao autismo, conforme apontou o Centro de Controle de doen\u00e7as dos Estados Unidos. \u201cO autismo \u00e9 um problema psiqui\u00e1trico que costuma ser identificado na inf\u00e2ncia, entre 1 ano e meio e 3 anos. O transtorno afeta a comunica\u00e7\u00e3o, a capacidade de aprendizado e a adapta\u00e7\u00e3o da crian\u00e7a. Os estudos acerca do transtorno do espectro do autismo s\u00e3o recentes. Diante disso, muitas fam\u00edlias n\u00e3o possuem a informa\u00e7\u00e3o e o preparo de como tratar seu filho\u201d, citou.<\/strong><\/p>\n<p><strong>O parlamentar ressaltou a import\u00e2ncia do acompanhamento adequado desde o diagn\u00f3stico do transtorno. \u201cA falta da devida assist\u00eancia pode ocasionar um quadro irrevers\u00edvel no futuro, a partir de um isolamento total da pessoa em meio \u00e0 sociedade. As terapias comportamentais, conhecidas como ABA, do ingl\u00eas applied behavior analysis, configuram-se como o \u00fanico tipo de tratamento que tem efic\u00e1cia cient\u00edfica, ou seja, uma comprova\u00e7\u00e3o de mudan\u00e7a positiva\u201d, afirmou.<\/strong><\/p>\n<p><strong>Estudos mostram que cerca de 80% dos casos de TEA submetidos a interven\u00e7\u00f5es baseadas em ABA apresentam boa ou excelente evolu\u00e7\u00e3o. \u201cIsso quer dizer que essas pessoas suprem significativamente seus d\u00e9ficits e reduzem comportamento-problema a ponto de funcionarem nos diferentes \u00e2mbitos sociais com pouca ou at\u00e9 nenhuma ajuda\u201d, enfatizou. \/<\/strong>\/Ascom deputado estadual Pedro Tavares<\/p>\n","protected":false},"excerpt":{"rendered":"<p>O deputado Pedro Tavares (Uni\u00e3o Brasil) apresentou um projeto de lei que prev\u00ea a inclus\u00e3o do m\u00e9todo ABA (An\u00e1lise Aplicada do Comportamento) para o tratamento de pacientes com Transtorno do Espectro Autista (TEA) na rede p\u00fablica estadual de sa\u00fade nos casos em que houver recomenda\u00e7\u00e3o m\u00e9dica. Demonstrando preocupa\u00e7\u00e3o com a assist\u00eancia \u00e0s crian\u00e7as e jovens [&hellip;]<\/p>\n","protected":false},"author":2,"featured_media":117726,"comment_status":"closed","ping_status":"open","sticky":false,"template":"","format":"standard","meta":{"footnotes":"","_links_to":"","_links_to_target":""},"categories":[1],"tags":[],"class_list":["post-117725","post","type-post","status-publish","format-standard","has-post-thumbnail","hentry","category-geral"],"views":550,"_links":{"self":[{"href":"https:\/\/www.sudoestehoje.com.br\/novoportal\/wp-json\/wp\/v2\/posts\/117725","targetHints":{"allow":["GET"]}}],"collection":[{"href":"https:\/\/www.sudoestehoje.com.br\/novoportal\/wp-json\/wp\/v2\/posts"}],"about":[{"href":"https:\/\/www.sudoestehoje.com.br\/novoportal\/wp-json\/wp\/v2\/types\/post"}],"author":[{"embeddable":true,"href":"https:\/\/www.sudoestehoje.com.br\/novoportal\/wp-json\/wp\/v2\/users\/2"}],"replies":[{"embeddable":true,"href":"https:\/\/www.sudoestehoje.com.br\/novoportal\/wp-json\/wp\/v2\/comments?post=117725"}],"version-history":[{"count":1,"href":"https:\/\/www.sudoestehoje.com.br\/novoportal\/wp-json\/wp\/v2\/posts\/117725\/revisions"}],"predecessor-version":[{"id":117727,"href":"https:\/\/www.sudoestehoje.com.br\/novoportal\/wp-json\/wp\/v2\/posts\/117725\/revisions\/117727"}],"wp:featuredmedia":[{"embeddable":true,"href":"https:\/\/www.sudoestehoje.com.br\/novoportal\/wp-json\/wp\/v2\/media\/117726"}],"wp:attachment":[{"href":"https:\/\/www.sudoestehoje.com.br\/novoportal\/wp-json\/wp\/v2\/media?parent=117725"}],"wp:term":[{"taxonomy":"category","embeddable":true,"href":"https:\/\/www.sudoestehoje.com.br\/novoportal\/wp-json\/wp\/v2\/categories?post=117725"},{"taxonomy":"post_tag","embeddable":true,"href":"https:\/\/www.sudoestehoje.com.br\/novoportal\/wp-json\/wp\/v2\/tags?post=117725"}],"curies":[{"name":"wp","href":"https:\/\/api.w.org\/{rel}","templated":true}]}}