
{"id":11772,"date":"2012-01-05T17:59:03","date_gmt":"2012-01-05T20:59:03","guid":{"rendered":"http:\/\/www.sudoestehoje.com.br\/novoportal\/?p=11772"},"modified":"2012-01-05T17:59:03","modified_gmt":"2012-01-05T20:59:03","slug":"mercadante-ja-circula-como-novo-ministro-da-educacao","status":"publish","type":"post","link":"https:\/\/www.sudoestehoje.com.br\/novoportal\/2012\/01\/05\/mercadante-ja-circula-como-novo-ministro-da-educacao\/","title":{"rendered":"MERCADANTE J\u00c1 CIRCULA COMO NOVO MINISTRO DA EDUCA\u00c7\u00c3O"},"content":{"rendered":"<p style=\"text-align: center;\"><img decoding=\"async\" class=\"aligncenter\" src=\"http:\/\/i0.ig.com\/bancodeimagens\/2n\/9b\/rk\/2n9brk0pi0uvimeh4y9sr435v.jpg\" alt=\"\" width=\"500\" \/><\/p>\n<p style=\"text-align: center;\"><em><strong>Mercadante foi cauteloso ao ser questionado sobre a mudan\u00e7a de pasta<\/strong><\/em><\/p>\n<p>O Ministro da Ci\u00eancia e Tecnologia, Aloizio Mercadante, falou publicamente pela primeira vez sobre sua transfer\u00eancia para a pasta de Educa\u00e7\u00e3o, que deve se concretizar na segunda quinzena deste m\u00eas. Mercadante deve substituir o ministro Fernando Haddad, que deixar\u00e1 o governo ap\u00f3s a conclus\u00e3o dos primeiros resultados do Sistema de Sele\u00e7\u00e3o Unificado (Sisu)\u00a0 para se candidatar \u00e0 Prefeitura de S\u00e3o Paulo.<\/p>\n<p>Mercadante foi questionado sobre a mudan\u00e7a ao participar nesta manh\u00e3 de um programa de r\u00e1dio da estatal EBC. \u201cEu tenho visto todas essas informa\u00e7\u00f5es na imprensa, mas vamos aguardar a reforma ministerial. Eu prometo a voc\u00ea que, se isso acontecer, e \u00e9 poss\u00edvel que aconte\u00e7a, eu estarei aqui \u00e0 disposi\u00e7\u00e3o e n\u00f3s poderemos discutir a pasta da Educa\u00e7\u00e3o.\u201d<\/p>\n<p>Cauteloso, Mercadante afirmou que a nomea\u00e7\u00e3o \u201cs\u00f3 vale depois que estiver no Di\u00e1rio Oficial\u201d e lembrou que \u201cquem indica ministro \u00e9 a presidenta da Rep\u00fablica\u201d. Ele acrescentou que quem fala sobre a agenda da Educa\u00e7\u00e3o \u00e9 o atual ministro Fernando Haddad. \u201cEu s\u00f3 falo da minha pasta que \u00e9 Ci\u00eancia, Tecnologia e Inova\u00e7\u00e3o.\u201d<\/p>\n","protected":false},"excerpt":{"rendered":"<p>Mercadante foi cauteloso ao ser questionado sobre a mudan\u00e7a de pasta O Ministro da Ci\u00eancia e Tecnologia, Aloizio Mercadante, falou publicamente pela primeira vez sobre sua transfer\u00eancia para a pasta de Educa\u00e7\u00e3o, que deve se concretizar na segunda quinzena deste m\u00eas. Mercadante deve substituir o ministro Fernando Haddad, que deixar\u00e1 o governo ap\u00f3s a conclus\u00e3o [&hellip;]<\/p>\n","protected":false},"author":2,"featured_media":0,"comment_status":"open","ping_status":"open","sticky":false,"template":"","format":"standard","meta":{"footnotes":"","_links_to":"","_links_to_target":""},"categories":[1],"tags":[],"class_list":["post-11772","post","type-post","status-publish","format-standard","hentry","category-geral"],"views":1145,"_links":{"self":[{"href":"https:\/\/www.sudoestehoje.com.br\/novoportal\/wp-json\/wp\/v2\/posts\/11772","targetHints":{"allow":["GET"]}}],"collection":[{"href":"https:\/\/www.sudoestehoje.com.br\/novoportal\/wp-json\/wp\/v2\/posts"}],"about":[{"href":"https:\/\/www.sudoestehoje.com.br\/novoportal\/wp-json\/wp\/v2\/types\/post"}],"author":[{"embeddable":true,"href":"https:\/\/www.sudoestehoje.com.br\/novoportal\/wp-json\/wp\/v2\/users\/2"}],"replies":[{"embeddable":true,"href":"https:\/\/www.sudoestehoje.com.br\/novoportal\/wp-json\/wp\/v2\/comments?post=11772"}],"version-history":[{"count":3,"href":"https:\/\/www.sudoestehoje.com.br\/novoportal\/wp-json\/wp\/v2\/posts\/11772\/revisions"}],"predecessor-version":[{"id":11775,"href":"https:\/\/www.sudoestehoje.com.br\/novoportal\/wp-json\/wp\/v2\/posts\/11772\/revisions\/11775"}],"wp:attachment":[{"href":"https:\/\/www.sudoestehoje.com.br\/novoportal\/wp-json\/wp\/v2\/media?parent=11772"}],"wp:term":[{"taxonomy":"category","embeddable":true,"href":"https:\/\/www.sudoestehoje.com.br\/novoportal\/wp-json\/wp\/v2\/categories?post=11772"},{"taxonomy":"post_tag","embeddable":true,"href":"https:\/\/www.sudoestehoje.com.br\/novoportal\/wp-json\/wp\/v2\/tags?post=11772"}],"curies":[{"name":"wp","href":"https:\/\/api.w.org\/{rel}","templated":true}]}}