
{"id":117716,"date":"2024-06-26T16:57:33","date_gmt":"2024-06-26T19:57:33","guid":{"rendered":"https:\/\/www.sudoestehoje.com.br\/novoportal\/?p=117716"},"modified":"2024-06-26T16:57:33","modified_gmt":"2024-06-26T19:57:33","slug":"boa-noticia-itapetinga-sera-contemplada-com-uma-policlinica-federal-via-pac","status":"publish","type":"post","link":"https:\/\/www.sudoestehoje.com.br\/novoportal\/2024\/06\/26\/boa-noticia-itapetinga-sera-contemplada-com-uma-policlinica-federal-via-pac\/","title":{"rendered":"BOA NOT\u00cdCIA | ITAPETINGA SER\u00c1 CONTEMPLADA COM UMA POLICL\u00cdNICA FEDERAL, VIA PAC"},"content":{"rendered":"<p><img loading=\"lazy\" decoding=\"async\" class=\"alignnone  wp-image-117718\" src=\"https:\/\/www.sudoestehoje.com.br\/novoportal\/wp-content\/uploads\/2024\/06\/poli-600x400.webp\" alt=\"\" width=\"551\" height=\"367\" srcset=\"https:\/\/www.sudoestehoje.com.br\/novoportal\/wp-content\/uploads\/2024\/06\/poli-600x400.webp 600w, https:\/\/www.sudoestehoje.com.br\/novoportal\/wp-content\/uploads\/2024\/06\/poli-700x467.webp 700w, https:\/\/www.sudoestehoje.com.br\/novoportal\/wp-content\/uploads\/2024\/06\/poli-768x512.webp 768w, https:\/\/www.sudoestehoje.com.br\/novoportal\/wp-content\/uploads\/2024\/06\/poli.webp 1200w\" sizes=\"auto, (max-width: 551px) 100vw, 551px\" \/><\/p>\n<p><strong>O Minist\u00e9rio da Sa\u00fade (MS) anunciou na tarde desta ter\u00e7a-feira (25) a constru\u00e7\u00e3o de quatro novas policl\u00ednicas em territ\u00f3rio baiano, localizadas nas cidades de Cama\u00e7ari, Remanso,<span style=\"color: #0000ff;\"> Itapetinga<\/span> e Salvador.<\/strong><\/p>\n<p><strong>De acordo com o minist\u00e9rio, o investimento ser\u00e1 feito por meio do Novo Programa de Acelera\u00e7\u00e3o do Crescimento (Novo PAC), com investimento m\u00e9dio de R$ 30 milh\u00f5es em obras, equipamentos e mobili\u00e1rio.<\/strong><\/p>\n<p id=\"paragrafo-zv4s49z3wa\"><strong>Ainda segundo o MS, as policl\u00ednicas contemplar\u00e3o n\u00facleos de aten\u00e7\u00e3o integral ao homem, mulher, crian\u00e7as e outros p\u00fablicos que requerem acompanhamento especial.<\/strong><\/p>\n<p id=\"paragrafo-zv4s49z3wa\"><strong>A constru\u00e7\u00e3o de espa\u00e7os de reabilita\u00e7\u00e3o para pacientes com sequelas de Acidente Vascular Cerebral (AVC) e doen\u00e7as respirat\u00f3rias est\u00e1 prevista no projeto.<\/strong><\/p>\n<p id=\"paragrafo-dy2vwxpndk\"><strong>Nas novas unidades tamb\u00e9m ser\u00e3o oferecidos a realiza\u00e7\u00e3o de exames gr\u00e1ficos e de imagem como:\u00a0resson\u00e2ncia magn\u00e9tica, tomografia e eletrocardiograma; consulta cl\u00ednica de apoio ao diagn\u00f3stico com m\u00e9dicos de diversas especialidades como angiologia, cardiologia, oftalmologia e neurologia; e pequenos procedimentos como vasectomia, cauteriza\u00e7\u00e3o e bi\u00f3psias em centro cir\u00fargico de baixa complexidade.<\/strong><\/p>\n","protected":false},"excerpt":{"rendered":"<p>O Minist\u00e9rio da Sa\u00fade (MS) anunciou na tarde desta ter\u00e7a-feira (25) a constru\u00e7\u00e3o de quatro novas policl\u00ednicas em territ\u00f3rio baiano, localizadas nas cidades de Cama\u00e7ari, Remanso, Itapetinga e Salvador. De acordo com o minist\u00e9rio, o investimento ser\u00e1 feito por meio do Novo Programa de Acelera\u00e7\u00e3o do Crescimento (Novo PAC), com investimento m\u00e9dio de R$ 30 [&hellip;]<\/p>\n","protected":false},"author":2,"featured_media":117718,"comment_status":"closed","ping_status":"open","sticky":false,"template":"","format":"standard","meta":{"footnotes":"","_links_to":"","_links_to_target":""},"categories":[1],"tags":[],"class_list":["post-117716","post","type-post","status-publish","format-standard","has-post-thumbnail","hentry","category-geral"],"views":2586,"_links":{"self":[{"href":"https:\/\/www.sudoestehoje.com.br\/novoportal\/wp-json\/wp\/v2\/posts\/117716","targetHints":{"allow":["GET"]}}],"collection":[{"href":"https:\/\/www.sudoestehoje.com.br\/novoportal\/wp-json\/wp\/v2\/posts"}],"about":[{"href":"https:\/\/www.sudoestehoje.com.br\/novoportal\/wp-json\/wp\/v2\/types\/post"}],"author":[{"embeddable":true,"href":"https:\/\/www.sudoestehoje.com.br\/novoportal\/wp-json\/wp\/v2\/users\/2"}],"replies":[{"embeddable":true,"href":"https:\/\/www.sudoestehoje.com.br\/novoportal\/wp-json\/wp\/v2\/comments?post=117716"}],"version-history":[{"count":2,"href":"https:\/\/www.sudoestehoje.com.br\/novoportal\/wp-json\/wp\/v2\/posts\/117716\/revisions"}],"predecessor-version":[{"id":117719,"href":"https:\/\/www.sudoestehoje.com.br\/novoportal\/wp-json\/wp\/v2\/posts\/117716\/revisions\/117719"}],"wp:featuredmedia":[{"embeddable":true,"href":"https:\/\/www.sudoestehoje.com.br\/novoportal\/wp-json\/wp\/v2\/media\/117718"}],"wp:attachment":[{"href":"https:\/\/www.sudoestehoje.com.br\/novoportal\/wp-json\/wp\/v2\/media?parent=117716"}],"wp:term":[{"taxonomy":"category","embeddable":true,"href":"https:\/\/www.sudoestehoje.com.br\/novoportal\/wp-json\/wp\/v2\/categories?post=117716"},{"taxonomy":"post_tag","embeddable":true,"href":"https:\/\/www.sudoestehoje.com.br\/novoportal\/wp-json\/wp\/v2\/tags?post=117716"}],"curies":[{"name":"wp","href":"https:\/\/api.w.org\/{rel}","templated":true}]}}