
{"id":117693,"date":"2024-06-25T12:54:50","date_gmt":"2024-06-25T15:54:50","guid":{"rendered":"https:\/\/www.sudoestehoje.com.br\/novoportal\/?p=117693"},"modified":"2024-06-25T12:54:50","modified_gmt":"2024-06-25T15:54:50","slug":"coopardo-homenageia-o-produtor-rural-e-cooperado-izai-amorim","status":"publish","type":"post","link":"https:\/\/www.sudoestehoje.com.br\/novoportal\/2024\/06\/25\/coopardo-homenageia-o-produtor-rural-e-cooperado-izai-amorim\/","title":{"rendered":"COOPARDO HOMENAGEIA O PRODUTOR RURAL E COOPERADO IZAI AMORIM"},"content":{"rendered":"<p><img loading=\"lazy\" decoding=\"async\" class=\"alignnone  wp-image-117697\" src=\"https:\/\/www.sudoestehoje.com.br\/novoportal\/wp-content\/uploads\/2024\/06\/WhatsApp-Image-2024-06-25-at-11.35.44-1-600x450.jpeg\" alt=\"\" width=\"549\" height=\"412\" srcset=\"https:\/\/www.sudoestehoje.com.br\/novoportal\/wp-content\/uploads\/2024\/06\/WhatsApp-Image-2024-06-25-at-11.35.44-1-600x450.jpeg 600w, https:\/\/www.sudoestehoje.com.br\/novoportal\/wp-content\/uploads\/2024\/06\/WhatsApp-Image-2024-06-25-at-11.35.44-1-700x525.jpeg 700w, https:\/\/www.sudoestehoje.com.br\/novoportal\/wp-content\/uploads\/2024\/06\/WhatsApp-Image-2024-06-25-at-11.35.44-1-768x576.jpeg 768w, https:\/\/www.sudoestehoje.com.br\/novoportal\/wp-content\/uploads\/2024\/06\/WhatsApp-Image-2024-06-25-at-11.35.44-1-1536x1152.jpeg 1536w, https:\/\/www.sudoestehoje.com.br\/novoportal\/wp-content\/uploads\/2024\/06\/WhatsApp-Image-2024-06-25-at-11.35.44-1.jpeg 1600w\" sizes=\"auto, (max-width: 549px) 100vw, 549px\" \/><\/p>\n<p><strong>Na manh\u00e3 desta ter\u00e7a-feira (25), a Coopardo prestou homenagem ao cooperado Izai Amorim , produtor rural destacado em Itapetinga e regi\u00e3o . <\/strong><\/p>\n<p><strong>Izai foi diretor da Coopardo e exerceu v\u00e1rias fun\u00e7\u00f5es na cooperativa e na sociedade Itapetinguense . Compareceram \u00e0o evento, na sede da Coopardo, em Itapetinga, esposa, irm\u00e3o , amigos e colaboradores e cooperados, em reconhecimento aos relevantes servi\u00e7os prestados por Izai Amorim \u00e0 sociedade e ao agroneg\u00f3cio.<\/strong><\/p>\n<p><img loading=\"lazy\" decoding=\"async\" class=\"alignnone  wp-image-117702\" src=\"https:\/\/www.sudoestehoje.com.br\/novoportal\/wp-content\/uploads\/2024\/06\/WhatsApp-Image-2024-06-25-at-11.37.45-600x322.jpeg\" alt=\"\" width=\"550\" height=\"295\" srcset=\"https:\/\/www.sudoestehoje.com.br\/novoportal\/wp-content\/uploads\/2024\/06\/WhatsApp-Image-2024-06-25-at-11.37.45-600x322.jpeg 600w, https:\/\/www.sudoestehoje.com.br\/novoportal\/wp-content\/uploads\/2024\/06\/WhatsApp-Image-2024-06-25-at-11.37.45-700x376.jpeg 700w, https:\/\/www.sudoestehoje.com.br\/novoportal\/wp-content\/uploads\/2024\/06\/WhatsApp-Image-2024-06-25-at-11.37.45-768x412.jpeg 768w, https:\/\/www.sudoestehoje.com.br\/novoportal\/wp-content\/uploads\/2024\/06\/WhatsApp-Image-2024-06-25-at-11.37.45.jpeg 1474w\" sizes=\"auto, (max-width: 550px) 100vw, 550px\" \/><\/p>\n<p><strong><em>&#8220;Para nossa cooperativa, \u00e9 de relev\u00e2ncia este ato que estamos fazenda anualmente com nossos s\u00f3cios mais antigos e participantes do processo de forma\u00e7\u00e3o e crescimento da Coopardo&#8221;<\/em>, destacou Alex Coelho, atual diretor presidente. \/\/Sudoeste Hoje<\/strong><\/p>\n\n\t\t<style type=\"text\/css\">\n\t\t\t#gallery-1 {\n\t\t\t\tmargin: auto;\n\t\t\t}\n\t\t\t#gallery-1 .gallery-item {\n\t\t\t\tfloat: left;\n\t\t\t\tmargin-top: 10px;\n\t\t\t\ttext-align: center;\n\t\t\t\twidth: 33%;\n\t\t\t}\n\t\t\t#gallery-1 img {\n\t\t\t\tborder: 2px solid #cfcfcf;\n\t\t\t}\n\t\t\t#gallery-1 .gallery-caption {\n\t\t\t\tmargin-left: 0;\n\t\t\t}\n\t\t\t\/* see gallery_shortcode() in wp-includes\/media.php *\/\n\t\t<\/style>\n\t\t<div id='gallery-1' class='gallery galleryid-117693 gallery-columns-3 gallery-size-thumbnail'><dl class='gallery-item'>\n\t\t\t<dt class='gallery-icon landscape'>\n\t\t\t\t<a href='https:\/\/www.sudoestehoje.com.br\/novoportal\/2024\/06\/25\/coopardo-homenageia-o-produtor-rural-e-cooperado-izai-amorim\/whatsapp-image-2024-06-25-at-11-41-04-2\/'><img loading=\"lazy\" decoding=\"async\" width=\"150\" height=\"150\" src=\"https:\/\/www.sudoestehoje.com.br\/novoportal\/wp-content\/uploads\/2024\/06\/WhatsApp-Image-2024-06-25-at-11.41.04-2-150x150.jpeg\" class=\"attachment-thumbnail size-thumbnail\" alt=\"\" \/><\/a>\n\t\t\t<\/dt><\/dl><dl class='gallery-item'>\n\t\t\t<dt class='gallery-icon portrait'>\n\t\t\t\t<a href='https:\/\/www.sudoestehoje.com.br\/novoportal\/2024\/06\/25\/coopardo-homenageia-o-produtor-rural-e-cooperado-izai-amorim\/whatsapp-image-2024-06-25-at-11-35-50-2\/'><img loading=\"lazy\" decoding=\"async\" width=\"150\" height=\"150\" src=\"https:\/\/www.sudoestehoje.com.br\/novoportal\/wp-content\/uploads\/2024\/06\/WhatsApp-Image-2024-06-25-at-11.35.50-1-150x150.jpeg\" class=\"attachment-thumbnail size-thumbnail\" alt=\"\" \/><\/a>\n\t\t\t<\/dt><\/dl><dl class='gallery-item'>\n\t\t\t<dt class='gallery-icon portrait'>\n\t\t\t\t<a href='https:\/\/www.sudoestehoje.com.br\/novoportal\/2024\/06\/25\/coopardo-homenageia-o-produtor-rural-e-cooperado-izai-amorim\/whatsapp-image-2024-06-25-at-11-35-44\/'><img loading=\"lazy\" decoding=\"async\" width=\"150\" height=\"150\" src=\"https:\/\/www.sudoestehoje.com.br\/novoportal\/wp-content\/uploads\/2024\/06\/WhatsApp-Image-2024-06-25-at-11.35.44-150x150.jpeg\" class=\"attachment-thumbnail size-thumbnail\" alt=\"\" \/><\/a>\n\t\t\t<\/dt><\/dl><br style=\"clear: both\" \/><dl class='gallery-item'>\n\t\t\t<dt class='gallery-icon portrait'>\n\t\t\t\t<a href='https:\/\/www.sudoestehoje.com.br\/novoportal\/2024\/06\/25\/coopardo-homenageia-o-produtor-rural-e-cooperado-izai-amorim\/whatsapp-image-2024-06-25-at-11-35-44-2\/'><img loading=\"lazy\" decoding=\"async\" width=\"150\" height=\"150\" src=\"https:\/\/www.sudoestehoje.com.br\/novoportal\/wp-content\/uploads\/2024\/06\/WhatsApp-Image-2024-06-25-at-11.35.44-2-150x150.jpeg\" class=\"attachment-thumbnail size-thumbnail\" alt=\"\" \/><\/a>\n\t\t\t<\/dt><\/dl><dl class='gallery-item'>\n\t\t\t<dt class='gallery-icon landscape'>\n\t\t\t\t<a href='https:\/\/www.sudoestehoje.com.br\/novoportal\/2024\/06\/25\/coopardo-homenageia-o-produtor-rural-e-cooperado-izai-amorim\/whatsapp-image-2024-06-25-at-11-35-42\/'><img loading=\"lazy\" decoding=\"async\" width=\"150\" height=\"150\" src=\"https:\/\/www.sudoestehoje.com.br\/novoportal\/wp-content\/uploads\/2024\/06\/WhatsApp-Image-2024-06-25-at-11.35.42-150x150.jpeg\" class=\"attachment-thumbnail size-thumbnail\" alt=\"\" \/><\/a>\n\t\t\t<\/dt><\/dl><dl class='gallery-item'>\n\t\t\t<dt class='gallery-icon landscape'>\n\t\t\t\t<a href='https:\/\/www.sudoestehoje.com.br\/novoportal\/2024\/06\/25\/coopardo-homenageia-o-produtor-rural-e-cooperado-izai-amorim\/whatsapp-image-2024-06-25-at-11-35-44-1\/'><img loading=\"lazy\" decoding=\"async\" width=\"150\" height=\"150\" src=\"https:\/\/www.sudoestehoje.com.br\/novoportal\/wp-content\/uploads\/2024\/06\/WhatsApp-Image-2024-06-25-at-11.35.44-1-150x150.jpeg\" class=\"attachment-thumbnail size-thumbnail\" alt=\"\" \/><\/a>\n\t\t\t<\/dt><\/dl><br style=\"clear: both\" \/>\n\t\t<\/div>\n\n","protected":false},"excerpt":{"rendered":"<p>Na manh\u00e3 desta ter\u00e7a-feira (25), a Coopardo prestou homenagem ao cooperado Izai Amorim , produtor rural destacado em Itapetinga e regi\u00e3o . Izai foi diretor da Coopardo e exerceu v\u00e1rias fun\u00e7\u00f5es na cooperativa e na sociedade Itapetinguense . Compareceram \u00e0o evento, na sede da Coopardo, em Itapetinga, esposa, irm\u00e3o , amigos e colaboradores e cooperados, [&hellip;]<\/p>\n","protected":false},"author":2,"featured_media":117696,"comment_status":"closed","ping_status":"open","sticky":false,"template":"","format":"standard","meta":{"footnotes":"","_links_to":"","_links_to_target":""},"categories":[1],"tags":[],"class_list":["post-117693","post","type-post","status-publish","format-standard","has-post-thumbnail","hentry","category-geral"],"views":743,"_links":{"self":[{"href":"https:\/\/www.sudoestehoje.com.br\/novoportal\/wp-json\/wp\/v2\/posts\/117693","targetHints":{"allow":["GET"]}}],"collection":[{"href":"https:\/\/www.sudoestehoje.com.br\/novoportal\/wp-json\/wp\/v2\/posts"}],"about":[{"href":"https:\/\/www.sudoestehoje.com.br\/novoportal\/wp-json\/wp\/v2\/types\/post"}],"author":[{"embeddable":true,"href":"https:\/\/www.sudoestehoje.com.br\/novoportal\/wp-json\/wp\/v2\/users\/2"}],"replies":[{"embeddable":true,"href":"https:\/\/www.sudoestehoje.com.br\/novoportal\/wp-json\/wp\/v2\/comments?post=117693"}],"version-history":[{"count":4,"href":"https:\/\/www.sudoestehoje.com.br\/novoportal\/wp-json\/wp\/v2\/posts\/117693\/revisions"}],"predecessor-version":[{"id":117710,"href":"https:\/\/www.sudoestehoje.com.br\/novoportal\/wp-json\/wp\/v2\/posts\/117693\/revisions\/117710"}],"wp:featuredmedia":[{"embeddable":true,"href":"https:\/\/www.sudoestehoje.com.br\/novoportal\/wp-json\/wp\/v2\/media\/117696"}],"wp:attachment":[{"href":"https:\/\/www.sudoestehoje.com.br\/novoportal\/wp-json\/wp\/v2\/media?parent=117693"}],"wp:term":[{"taxonomy":"category","embeddable":true,"href":"https:\/\/www.sudoestehoje.com.br\/novoportal\/wp-json\/wp\/v2\/categories?post=117693"},{"taxonomy":"post_tag","embeddable":true,"href":"https:\/\/www.sudoestehoje.com.br\/novoportal\/wp-json\/wp\/v2\/tags?post=117693"}],"curies":[{"name":"wp","href":"https:\/\/api.w.org\/{rel}","templated":true}]}}