
{"id":117685,"date":"2024-06-25T09:20:05","date_gmt":"2024-06-25T12:20:05","guid":{"rendered":"https:\/\/www.sudoestehoje.com.br\/novoportal\/?p=117685"},"modified":"2024-06-25T09:20:05","modified_gmt":"2024-06-25T12:20:05","slug":"o-inverno-chegou-com-aquele-friozinho-gostoso-em-itapetinga-e-regiao","status":"publish","type":"post","link":"https:\/\/www.sudoestehoje.com.br\/novoportal\/2024\/06\/25\/o-inverno-chegou-com-aquele-friozinho-gostoso-em-itapetinga-e-regiao\/","title":{"rendered":"O INVERNO CHEGOU COM AQUELE FRIOZINHO GOSTOSO EM ITAPETINGA E REGI\u00c3O"},"content":{"rendered":"<p><img loading=\"lazy\" decoding=\"async\" class=\"alignnone  wp-image-117686\" src=\"https:\/\/www.sudoestehoje.com.br\/novoportal\/wp-content\/uploads\/2024\/06\/2718a6f3-77f4-44d1-a1eb-142acf751b26-600x270.jpg\" alt=\"\" width=\"551\" height=\"248\" srcset=\"https:\/\/www.sudoestehoje.com.br\/novoportal\/wp-content\/uploads\/2024\/06\/2718a6f3-77f4-44d1-a1eb-142acf751b26-600x270.jpg 600w, https:\/\/www.sudoestehoje.com.br\/novoportal\/wp-content\/uploads\/2024\/06\/2718a6f3-77f4-44d1-a1eb-142acf751b26-700x315.jpg 700w, https:\/\/www.sudoestehoje.com.br\/novoportal\/wp-content\/uploads\/2024\/06\/2718a6f3-77f4-44d1-a1eb-142acf751b26-768x346.jpg 768w, https:\/\/www.sudoestehoje.com.br\/novoportal\/wp-content\/uploads\/2024\/06\/2718a6f3-77f4-44d1-a1eb-142acf751b26-1536x692.jpg 1536w, https:\/\/www.sudoestehoje.com.br\/novoportal\/wp-content\/uploads\/2024\/06\/2718a6f3-77f4-44d1-a1eb-142acf751b26.jpg 1600w\" sizes=\"auto, (max-width: 551px) 100vw, 551px\" \/><\/p>\n<p><strong>O inverno chegou pra valer nesta ter\u00e7a-feira (25) em Itapetinga e regi\u00e3o, trazendo aquele friozinho gostoso e aconchegante, com temperaturas variando entre 18\u00b0C durante a madrugada e 28\u00b0C no decorrer do per\u00edodo.<\/strong><\/p>\n<p><strong>A amplitude t\u00e9rmica ainda \u00e9 elevada, mas de acordo com os institutos de meteorologia, a tend\u00eancia \u00e9 de queda nas temperaturas, entre julho e agosto.<\/strong><\/p>\n<p><strong>Cuidados com a sa\u00fade s\u00e3o recomendados, com aleta sobre o surgimento de viroses gripais e outras doen\u00e7as provocadas pelas baixas temperaturas.<\/strong><\/p>\n<p><strong>Bom pra dormir&#8230;<\/strong><\/p>\n<p><strong>Por Davi Ferraz\u00a0<\/strong><\/p>\n","protected":false},"excerpt":{"rendered":"<p>O inverno chegou pra valer nesta ter\u00e7a-feira (25) em Itapetinga e regi\u00e3o, trazendo aquele friozinho gostoso e aconchegante, com temperaturas variando entre 18\u00b0C durante a madrugada e 28\u00b0C no decorrer do per\u00edodo. A amplitude t\u00e9rmica ainda \u00e9 elevada, mas de acordo com os institutos de meteorologia, a tend\u00eancia \u00e9 de queda nas temperaturas, entre julho [&hellip;]<\/p>\n","protected":false},"author":2,"featured_media":117686,"comment_status":"closed","ping_status":"open","sticky":false,"template":"","format":"standard","meta":{"footnotes":"","_links_to":"","_links_to_target":""},"categories":[1],"tags":[],"class_list":["post-117685","post","type-post","status-publish","format-standard","has-post-thumbnail","hentry","category-geral"],"views":502,"_links":{"self":[{"href":"https:\/\/www.sudoestehoje.com.br\/novoportal\/wp-json\/wp\/v2\/posts\/117685","targetHints":{"allow":["GET"]}}],"collection":[{"href":"https:\/\/www.sudoestehoje.com.br\/novoportal\/wp-json\/wp\/v2\/posts"}],"about":[{"href":"https:\/\/www.sudoestehoje.com.br\/novoportal\/wp-json\/wp\/v2\/types\/post"}],"author":[{"embeddable":true,"href":"https:\/\/www.sudoestehoje.com.br\/novoportal\/wp-json\/wp\/v2\/users\/2"}],"replies":[{"embeddable":true,"href":"https:\/\/www.sudoestehoje.com.br\/novoportal\/wp-json\/wp\/v2\/comments?post=117685"}],"version-history":[{"count":2,"href":"https:\/\/www.sudoestehoje.com.br\/novoportal\/wp-json\/wp\/v2\/posts\/117685\/revisions"}],"predecessor-version":[{"id":117688,"href":"https:\/\/www.sudoestehoje.com.br\/novoportal\/wp-json\/wp\/v2\/posts\/117685\/revisions\/117688"}],"wp:featuredmedia":[{"embeddable":true,"href":"https:\/\/www.sudoestehoje.com.br\/novoportal\/wp-json\/wp\/v2\/media\/117686"}],"wp:attachment":[{"href":"https:\/\/www.sudoestehoje.com.br\/novoportal\/wp-json\/wp\/v2\/media?parent=117685"}],"wp:term":[{"taxonomy":"category","embeddable":true,"href":"https:\/\/www.sudoestehoje.com.br\/novoportal\/wp-json\/wp\/v2\/categories?post=117685"},{"taxonomy":"post_tag","embeddable":true,"href":"https:\/\/www.sudoestehoje.com.br\/novoportal\/wp-json\/wp\/v2\/tags?post=117685"}],"curies":[{"name":"wp","href":"https:\/\/api.w.org\/{rel}","templated":true}]}}