
{"id":117675,"date":"2024-06-23T19:33:02","date_gmt":"2024-06-23T22:33:02","guid":{"rendered":"https:\/\/www.sudoestehoje.com.br\/novoportal\/?p=117675"},"modified":"2024-06-23T19:36:13","modified_gmt":"2024-06-23T22:36:13","slug":"117675","status":"publish","type":"post","link":"https:\/\/www.sudoestehoje.com.br\/novoportal\/2024\/06\/23\/117675\/","title":{"rendered":"HOJE \u00c9 DIA DA FOGUEIRA, DE SOLTAR FOGOS E DE DAN\u00c7AR FORR\u00d3 E QUADRILHA"},"content":{"rendered":"<p><img loading=\"lazy\" decoding=\"async\" class=\"alignnone wp-image-117677\" src=\"https:\/\/www.sudoestehoje.com.br\/novoportal\/wp-content\/uploads\/2024\/06\/untitled.jpg\" alt=\"\" width=\"551\" height=\"385\" \/><\/p>\n<p><strong>Nesta segunda-feira, 24, \u00e9 comemorado o dia de S\u00e3o Jo\u00e3o, que simboliza o per\u00edodo das festas juninas, considerado por muitos brasileiros como a mais aguardado do ano. S\u00e3o Jo\u00e3o \u00e9 um dos religiosos mais conhecidos, ao lado de S\u00e3o Pedro e S\u00e3o Paulo, que finalizam as comemora\u00e7\u00f5es no dia 29 de Junho.<\/strong><\/p>\n<p><strong>O dia 23 de junho, v\u00e9spera do S\u00e3o Jo\u00e3o, \u00e9 o dia das maiores comemora\u00e7\u00f5es, com a tradi\u00e7\u00e3o de &#8216;acender a fogueira&#8217;, soltar fogos e dan\u00e7ar o tradicional forr\u00f3 e outros ritmos,\u00a0 em todo o Brasil.\u00a0<\/strong><\/p>\n<p><strong>Em todo o Brasil, a tradi\u00e7\u00e3o das festas juninas \u00e9 mantida e vem crescendo, com a realiza\u00e7\u00e3o de grandes eventos.<\/strong><\/p>\n<p><strong><em>Por Davi Ferraz<\/em><\/strong><\/p>\n","protected":false},"excerpt":{"rendered":"<p>Nesta segunda-feira, 24, \u00e9 comemorado o dia de S\u00e3o Jo\u00e3o, que simboliza o per\u00edodo das festas juninas, considerado por muitos brasileiros como a mais aguardado do ano. S\u00e3o Jo\u00e3o \u00e9 um dos religiosos mais conhecidos, ao lado de S\u00e3o Pedro e S\u00e3o Paulo, que finalizam as comemora\u00e7\u00f5es no dia 29 de Junho. O dia 23 [&hellip;]<\/p>\n","protected":false},"author":2,"featured_media":117677,"comment_status":"closed","ping_status":"open","sticky":false,"template":"","format":"standard","meta":{"footnotes":"","_links_to":"","_links_to_target":""},"categories":[1],"tags":[],"class_list":["post-117675","post","type-post","status-publish","format-standard","has-post-thumbnail","hentry","category-geral"],"views":1600,"_links":{"self":[{"href":"https:\/\/www.sudoestehoje.com.br\/novoportal\/wp-json\/wp\/v2\/posts\/117675","targetHints":{"allow":["GET"]}}],"collection":[{"href":"https:\/\/www.sudoestehoje.com.br\/novoportal\/wp-json\/wp\/v2\/posts"}],"about":[{"href":"https:\/\/www.sudoestehoje.com.br\/novoportal\/wp-json\/wp\/v2\/types\/post"}],"author":[{"embeddable":true,"href":"https:\/\/www.sudoestehoje.com.br\/novoportal\/wp-json\/wp\/v2\/users\/2"}],"replies":[{"embeddable":true,"href":"https:\/\/www.sudoestehoje.com.br\/novoportal\/wp-json\/wp\/v2\/comments?post=117675"}],"version-history":[{"count":5,"href":"https:\/\/www.sudoestehoje.com.br\/novoportal\/wp-json\/wp\/v2\/posts\/117675\/revisions"}],"predecessor-version":[{"id":117681,"href":"https:\/\/www.sudoestehoje.com.br\/novoportal\/wp-json\/wp\/v2\/posts\/117675\/revisions\/117681"}],"wp:featuredmedia":[{"embeddable":true,"href":"https:\/\/www.sudoestehoje.com.br\/novoportal\/wp-json\/wp\/v2\/media\/117677"}],"wp:attachment":[{"href":"https:\/\/www.sudoestehoje.com.br\/novoportal\/wp-json\/wp\/v2\/media?parent=117675"}],"wp:term":[{"taxonomy":"category","embeddable":true,"href":"https:\/\/www.sudoestehoje.com.br\/novoportal\/wp-json\/wp\/v2\/categories?post=117675"},{"taxonomy":"post_tag","embeddable":true,"href":"https:\/\/www.sudoestehoje.com.br\/novoportal\/wp-json\/wp\/v2\/tags?post=117675"}],"curies":[{"name":"wp","href":"https:\/\/api.w.org\/{rel}","templated":true}]}}