
{"id":117530,"date":"2024-06-17T11:34:47","date_gmt":"2024-06-17T14:34:47","guid":{"rendered":"https:\/\/www.sudoestehoje.com.br\/novoportal\/?p=117530"},"modified":"2024-06-17T11:42:28","modified_gmt":"2024-06-17T14:42:28","slug":"carro-com-prefeito-e-vereador-se-envolve-em-acidente-com-duas-mortes-na-bahia","status":"publish","type":"post","link":"https:\/\/www.sudoestehoje.com.br\/novoportal\/2024\/06\/17\/carro-com-prefeito-e-vereador-se-envolve-em-acidente-com-duas-mortes-na-bahia\/","title":{"rendered":"CARRO COM PREFEITO E VEREADOR SE ENVOLVE EM ACIDENTE COM DUAS MORTES NA BAHIA"},"content":{"rendered":"<p><img loading=\"lazy\" decoding=\"async\" class=\"alignnone wp-image-117532\" src=\"https:\/\/www.sudoestehoje.com.br\/novoportal\/wp-content\/uploads\/2024\/06\/WhatsApp-Image-2024-06-16-at-20.15.55-1-600x401.jpeg\" alt=\"\" width=\"549\" height=\"367\" srcset=\"https:\/\/www.sudoestehoje.com.br\/novoportal\/wp-content\/uploads\/2024\/06\/WhatsApp-Image-2024-06-16-at-20.15.55-1-600x401.jpeg 600w, https:\/\/www.sudoestehoje.com.br\/novoportal\/wp-content\/uploads\/2024\/06\/WhatsApp-Image-2024-06-16-at-20.15.55-1.jpeg 700w\" sizes=\"auto, (max-width: 549px) 100vw, 549px\" \/><\/p>\n<p><strong>Duas pessoas morreram e o prefeito Remanso ficou ferido ap\u00f3s dois carros baterem de frente na BR-235, no trecho de Casa Nova, tamb\u00e9m no Norte Baiano. Devido ao impacto, o ve\u00edculo ficou destru\u00eddo. <\/strong><\/p>\n<p><strong>A Assessoria de Comunica\u00e7\u00e3o do Munic\u00edpio de Remanso informou ao g1 quma das v\u00edtimas era motorista do carro do prefeito Marcos Carvalho Palmeira, do Partido Comunista do Brasil. <\/strong><\/p>\n<p><strong>O homem se chamava Michel Mendes e morreu no local. Consoante a Pol\u00edcia Rodovi\u00e1ria Federal (PRF), a outra pessoa que morreu conduzia o outro ve\u00edculo e tamb\u00e9m n\u00e3o resistiu aos ferimentos.<\/strong><\/p>\n<p><strong>O prefeito Marcos Palmeira sofreu ferimentos e foi socorrido para um hospital de Petrolina, em Pernambuco. Ele teve fraturas no bra\u00e7o esquerdo e no tornozelo direito. Ainda n\u00e3o h\u00e1 previs\u00e3o de alta m\u00e9dica. Tamb\u00e9m estavam no ve\u00edculo o vereador Alair Paes Landi, do Partido dos Trabalhadores, e o assessor Laio Ara\u00fajo. <\/strong><\/p>\n<p><strong>O edil quebrou a clav\u00edcula, enquanto Laio ficou com o ombro deslocado e teve um corte na cabe\u00e7a. Ambos est\u00e3o em ova para realiza\u00e7\u00e3o de exames m\u00e9dicos, mas n\u00e3o precisaram ficar hospitalizados. Os corpos de Michel Mendes e do condutor do outro ve\u00edculo foram encaminhados para o Instituto M\u00e9dico Legal (IML) de Juazeiro.<\/strong><\/p>\n<p><img loading=\"lazy\" decoding=\"async\" class=\"alignnone size-medium wp-image-117334\" src=\"https:\/\/www.sudoestehoje.com.br\/novoportal\/wp-content\/uploads\/2024\/06\/forro_itapetinga-600x96.jpg\" alt=\"\" width=\"600\" height=\"96\" srcset=\"https:\/\/www.sudoestehoje.com.br\/novoportal\/wp-content\/uploads\/2024\/06\/forro_itapetinga-600x96.jpg 600w, https:\/\/www.sudoestehoje.com.br\/novoportal\/wp-content\/uploads\/2024\/06\/forro_itapetinga-700x113.jpg 700w, https:\/\/www.sudoestehoje.com.br\/novoportal\/wp-content\/uploads\/2024\/06\/forro_itapetinga-768x123.jpg 768w, https:\/\/www.sudoestehoje.com.br\/novoportal\/wp-content\/uploads\/2024\/06\/forro_itapetinga-1536x247.jpg 1536w, https:\/\/www.sudoestehoje.com.br\/novoportal\/wp-content\/uploads\/2024\/06\/forro_itapetinga-2048x329.jpg 2048w\" sizes=\"auto, (max-width: 600px) 100vw, 600px\" \/><\/p>\n<p><img loading=\"lazy\" decoding=\"async\" class=\"alignnone  wp-image-117201\" src=\"https:\/\/www.sudoestehoje.com.br\/novoportal\/wp-content\/uploads\/2024\/05\/BANNER-550x110-GERAL-2-1-1.gif\" alt=\"\" width=\"600\" height=\"120\" \/><\/p>\n","protected":false},"excerpt":{"rendered":"<p>Duas pessoas morreram e o prefeito Remanso ficou ferido ap\u00f3s dois carros baterem de frente na BR-235, no trecho de Casa Nova, tamb\u00e9m no Norte Baiano. Devido ao impacto, o ve\u00edculo ficou destru\u00eddo. A Assessoria de Comunica\u00e7\u00e3o do Munic\u00edpio de Remanso informou ao g1 quma das v\u00edtimas era motorista do carro do prefeito Marcos Carvalho [&hellip;]<\/p>\n","protected":false},"author":2,"featured_media":117532,"comment_status":"closed","ping_status":"open","sticky":false,"template":"","format":"standard","meta":{"footnotes":"","_links_to":"","_links_to_target":""},"categories":[1],"tags":[],"class_list":["post-117530","post","type-post","status-publish","format-standard","has-post-thumbnail","hentry","category-geral"],"views":730,"_links":{"self":[{"href":"https:\/\/www.sudoestehoje.com.br\/novoportal\/wp-json\/wp\/v2\/posts\/117530","targetHints":{"allow":["GET"]}}],"collection":[{"href":"https:\/\/www.sudoestehoje.com.br\/novoportal\/wp-json\/wp\/v2\/posts"}],"about":[{"href":"https:\/\/www.sudoestehoje.com.br\/novoportal\/wp-json\/wp\/v2\/types\/post"}],"author":[{"embeddable":true,"href":"https:\/\/www.sudoestehoje.com.br\/novoportal\/wp-json\/wp\/v2\/users\/2"}],"replies":[{"embeddable":true,"href":"https:\/\/www.sudoestehoje.com.br\/novoportal\/wp-json\/wp\/v2\/comments?post=117530"}],"version-history":[{"count":2,"href":"https:\/\/www.sudoestehoje.com.br\/novoportal\/wp-json\/wp\/v2\/posts\/117530\/revisions"}],"predecessor-version":[{"id":117534,"href":"https:\/\/www.sudoestehoje.com.br\/novoportal\/wp-json\/wp\/v2\/posts\/117530\/revisions\/117534"}],"wp:featuredmedia":[{"embeddable":true,"href":"https:\/\/www.sudoestehoje.com.br\/novoportal\/wp-json\/wp\/v2\/media\/117532"}],"wp:attachment":[{"href":"https:\/\/www.sudoestehoje.com.br\/novoportal\/wp-json\/wp\/v2\/media?parent=117530"}],"wp:term":[{"taxonomy":"category","embeddable":true,"href":"https:\/\/www.sudoestehoje.com.br\/novoportal\/wp-json\/wp\/v2\/categories?post=117530"},{"taxonomy":"post_tag","embeddable":true,"href":"https:\/\/www.sudoestehoje.com.br\/novoportal\/wp-json\/wp\/v2\/tags?post=117530"}],"curies":[{"name":"wp","href":"https:\/\/api.w.org\/{rel}","templated":true}]}}