
{"id":117517,"date":"2024-06-16T12:29:44","date_gmt":"2024-06-16T15:29:44","guid":{"rendered":"https:\/\/www.sudoestehoje.com.br\/novoportal\/?p=117517"},"modified":"2024-06-16T12:29:44","modified_gmt":"2024-06-16T15:29:44","slug":"atlas-cnn-aponta-empate-em-avaliacao-do-governo-lula-como-otimo-ou-pessimo","status":"publish","type":"post","link":"https:\/\/www.sudoestehoje.com.br\/novoportal\/2024\/06\/16\/atlas-cnn-aponta-empate-em-avaliacao-do-governo-lula-como-otimo-ou-pessimo\/","title":{"rendered":"ATLAS\/CNN APONTA EMPATE EM AVALIA\u00c7\u00c3O DO GOVERNO LULA COMO \u00d3TIMO OU P\u00c9SSIMO"},"content":{"rendered":"<p><img loading=\"lazy\" decoding=\"async\" class=\"alignnone  wp-image-117519\" src=\"https:\/\/www.sudoestehoje.com.br\/novoportal\/wp-content\/uploads\/2024\/06\/conselho-seguranca-alimentar_mcamgo_abr_05032024-6-scaled-e1709722479488-600x339.jpeg\" alt=\"\" width=\"550\" height=\"311\" srcset=\"https:\/\/www.sudoestehoje.com.br\/novoportal\/wp-content\/uploads\/2024\/06\/conselho-seguranca-alimentar_mcamgo_abr_05032024-6-scaled-e1709722479488-600x339.jpeg 600w, https:\/\/www.sudoestehoje.com.br\/novoportal\/wp-content\/uploads\/2024\/06\/conselho-seguranca-alimentar_mcamgo_abr_05032024-6-scaled-e1709722479488-700x395.jpeg 700w, https:\/\/www.sudoestehoje.com.br\/novoportal\/wp-content\/uploads\/2024\/06\/conselho-seguranca-alimentar_mcamgo_abr_05032024-6-scaled-e1709722479488-768x434.jpeg 768w, https:\/\/www.sudoestehoje.com.br\/novoportal\/wp-content\/uploads\/2024\/06\/conselho-seguranca-alimentar_mcamgo_abr_05032024-6-scaled-e1709722479488-1536x868.jpeg 1536w, https:\/\/www.sudoestehoje.com.br\/novoportal\/wp-content\/uploads\/2024\/06\/conselho-seguranca-alimentar_mcamgo_abr_05032024-6-scaled-e1709722479488-2048x1157.jpeg 2048w\" sizes=\"auto, (max-width: 550px) 100vw, 550px\" \/><\/p>\n<p><strong>Pesquisa do instituto AtlasIntel, produzida em parceria com a CNN Brasil divulgada neste s\u00e1bado (15), apontou que h\u00e1 um empate entre brasileiros que avaliam o governo Lula (PT) como \u00f3timo ou bom e ruim ou p\u00e9ssimo.<\/strong><\/p>\n<p><strong>Os dados apontam que 43% dos brasileiros avaliam o governo como \u00f3timo\/bom, e outros 43%, como ruim\/p\u00e9ssimo. J\u00e1 os que avaliam a atual gest\u00e3o do Executivo federal como regular s\u00e3o 14%.<\/strong><\/p>\n<p><strong>Governo Lula \u00e9 \u00f3timo\/bom: 43%;<\/strong><\/p>\n<p><strong>Governo Lula \u00e9 ruim\/p\u00e9ssimo: 43%;<\/strong><\/p>\n<p><strong>Governo Lula \u00e9 regular: 14%.<\/strong><\/p>\n<p><strong>A pesquisa AtlasIntel ouviu 3.601 brasileiros entre os dias 7 e 11 de junho. O levantamento tem margem de erro de um ponto percentual para mais ou para menos e n\u00edvel de confian\u00e7a de 95%.<\/strong><\/p>\n","protected":false},"excerpt":{"rendered":"<p>Pesquisa do instituto AtlasIntel, produzida em parceria com a CNN Brasil divulgada neste s\u00e1bado (15), apontou que h\u00e1 um empate entre brasileiros que avaliam o governo Lula (PT) como \u00f3timo ou bom e ruim ou p\u00e9ssimo. Os dados apontam que 43% dos brasileiros avaliam o governo como \u00f3timo\/bom, e outros 43%, como ruim\/p\u00e9ssimo. J\u00e1 os [&hellip;]<\/p>\n","protected":false},"author":2,"featured_media":117519,"comment_status":"closed","ping_status":"open","sticky":false,"template":"","format":"standard","meta":{"footnotes":"","_links_to":"","_links_to_target":""},"categories":[1],"tags":[],"class_list":["post-117517","post","type-post","status-publish","format-standard","has-post-thumbnail","hentry","category-geral"],"views":530,"_links":{"self":[{"href":"https:\/\/www.sudoestehoje.com.br\/novoportal\/wp-json\/wp\/v2\/posts\/117517","targetHints":{"allow":["GET"]}}],"collection":[{"href":"https:\/\/www.sudoestehoje.com.br\/novoportal\/wp-json\/wp\/v2\/posts"}],"about":[{"href":"https:\/\/www.sudoestehoje.com.br\/novoportal\/wp-json\/wp\/v2\/types\/post"}],"author":[{"embeddable":true,"href":"https:\/\/www.sudoestehoje.com.br\/novoportal\/wp-json\/wp\/v2\/users\/2"}],"replies":[{"embeddable":true,"href":"https:\/\/www.sudoestehoje.com.br\/novoportal\/wp-json\/wp\/v2\/comments?post=117517"}],"version-history":[{"count":6,"href":"https:\/\/www.sudoestehoje.com.br\/novoportal\/wp-json\/wp\/v2\/posts\/117517\/revisions"}],"predecessor-version":[{"id":117524,"href":"https:\/\/www.sudoestehoje.com.br\/novoportal\/wp-json\/wp\/v2\/posts\/117517\/revisions\/117524"}],"wp:featuredmedia":[{"embeddable":true,"href":"https:\/\/www.sudoestehoje.com.br\/novoportal\/wp-json\/wp\/v2\/media\/117519"}],"wp:attachment":[{"href":"https:\/\/www.sudoestehoje.com.br\/novoportal\/wp-json\/wp\/v2\/media?parent=117517"}],"wp:term":[{"taxonomy":"category","embeddable":true,"href":"https:\/\/www.sudoestehoje.com.br\/novoportal\/wp-json\/wp\/v2\/categories?post=117517"},{"taxonomy":"post_tag","embeddable":true,"href":"https:\/\/www.sudoestehoje.com.br\/novoportal\/wp-json\/wp\/v2\/tags?post=117517"}],"curies":[{"name":"wp","href":"https:\/\/api.w.org\/{rel}","templated":true}]}}