
{"id":117498,"date":"2024-06-14T10:26:33","date_gmt":"2024-06-14T13:26:33","guid":{"rendered":"https:\/\/www.sudoestehoje.com.br\/novoportal\/?p=117498"},"modified":"2024-06-14T10:27:52","modified_gmt":"2024-06-14T13:27:52","slug":"sao-joao-da-lagoa-montagem-da-estrutura-da-festa-esta-quase-pronta","status":"publish","type":"post","link":"https:\/\/www.sudoestehoje.com.br\/novoportal\/2024\/06\/14\/sao-joao-da-lagoa-montagem-da-estrutura-da-festa-esta-quase-pronta\/","title":{"rendered":"S\u00c3O JO\u00c3O DA LAGOA | MONTAGEM DA ESTRUTURA DA FESTA EST\u00c1 QUASE PRONTA"},"content":{"rendered":"<p><img loading=\"lazy\" decoding=\"async\" class=\"alignnone wp-image-117500\" src=\"https:\/\/www.sudoestehoje.com.br\/novoportal\/wp-content\/uploads\/2024\/06\/WhatsApp-Image-2024-06-14-at-10.16.43-600x338.jpeg\" alt=\"\" width=\"550\" height=\"310\" srcset=\"https:\/\/www.sudoestehoje.com.br\/novoportal\/wp-content\/uploads\/2024\/06\/WhatsApp-Image-2024-06-14-at-10.16.43-600x338.jpeg 600w, https:\/\/www.sudoestehoje.com.br\/novoportal\/wp-content\/uploads\/2024\/06\/WhatsApp-Image-2024-06-14-at-10.16.43-700x394.jpeg 700w, https:\/\/www.sudoestehoje.com.br\/novoportal\/wp-content\/uploads\/2024\/06\/WhatsApp-Image-2024-06-14-at-10.16.43-768x432.jpeg 768w, https:\/\/www.sudoestehoje.com.br\/novoportal\/wp-content\/uploads\/2024\/06\/WhatsApp-Image-2024-06-14-at-10.16.43-1536x865.jpeg 1536w, https:\/\/www.sudoestehoje.com.br\/novoportal\/wp-content\/uploads\/2024\/06\/WhatsApp-Image-2024-06-14-at-10.16.43.jpeg 1600w\" sizes=\"auto, (max-width: 550px) 100vw, 550px\" \/><\/p>\n<p><strong>Aguardada com ansiedade pela popula\u00e7\u00e3o de Itapetinga e toda a regi\u00e3o, os preparativos para a festa de S\u00e3o Jo\u00e3o no Parque Poliesportivo da Lagoa j\u00e1 est\u00e1 tomando forma, com a montagem da estrutura quase pronta.<\/strong><\/p>\n<p><strong>De acordo com a coordena\u00e7\u00e3o dos festejos, a montagem de toldos para bares e os dois palcos ficar\u00e1 pronta ainda neste final de semana, ficando os ajustes finais para a segunda e ter\u00e7a-feira pr\u00f3ximas.<\/strong><\/p>\n<p><strong>Os festejos juninos em Itapetinga ser\u00e3o realizados de 20 a 23 de junho.<\/strong><\/p>\n<p><strong>Reda\u00e7\u00e3o SH<\/strong><\/p>\n<p><img loading=\"lazy\" decoding=\"async\" class=\"alignnone size-medium wp-image-117334\" src=\"https:\/\/www.sudoestehoje.com.br\/novoportal\/wp-content\/uploads\/2024\/06\/forro_itapetinga-600x96.jpg\" alt=\"\" width=\"600\" height=\"96\" srcset=\"https:\/\/www.sudoestehoje.com.br\/novoportal\/wp-content\/uploads\/2024\/06\/forro_itapetinga-600x96.jpg 600w, https:\/\/www.sudoestehoje.com.br\/novoportal\/wp-content\/uploads\/2024\/06\/forro_itapetinga-700x113.jpg 700w, https:\/\/www.sudoestehoje.com.br\/novoportal\/wp-content\/uploads\/2024\/06\/forro_itapetinga-768x123.jpg 768w, https:\/\/www.sudoestehoje.com.br\/novoportal\/wp-content\/uploads\/2024\/06\/forro_itapetinga-1536x247.jpg 1536w, https:\/\/www.sudoestehoje.com.br\/novoportal\/wp-content\/uploads\/2024\/06\/forro_itapetinga-2048x329.jpg 2048w\" sizes=\"auto, (max-width: 600px) 100vw, 600px\" \/><\/p>\n","protected":false},"excerpt":{"rendered":"<p>Aguardada com ansiedade pela popula\u00e7\u00e3o de Itapetinga e toda a regi\u00e3o, os preparativos para a festa de S\u00e3o Jo\u00e3o no Parque Poliesportivo da Lagoa j\u00e1 est\u00e1 tomando forma, com a montagem da estrutura quase pronta. De acordo com a coordena\u00e7\u00e3o dos festejos, a montagem de toldos para bares e os dois palcos ficar\u00e1 pronta ainda [&hellip;]<\/p>\n","protected":false},"author":2,"featured_media":117500,"comment_status":"closed","ping_status":"open","sticky":false,"template":"","format":"standard","meta":{"footnotes":"","_links_to":"","_links_to_target":""},"categories":[1],"tags":[],"class_list":["post-117498","post","type-post","status-publish","format-standard","has-post-thumbnail","hentry","category-geral"],"views":1620,"_links":{"self":[{"href":"https:\/\/www.sudoestehoje.com.br\/novoportal\/wp-json\/wp\/v2\/posts\/117498","targetHints":{"allow":["GET"]}}],"collection":[{"href":"https:\/\/www.sudoestehoje.com.br\/novoportal\/wp-json\/wp\/v2\/posts"}],"about":[{"href":"https:\/\/www.sudoestehoje.com.br\/novoportal\/wp-json\/wp\/v2\/types\/post"}],"author":[{"embeddable":true,"href":"https:\/\/www.sudoestehoje.com.br\/novoportal\/wp-json\/wp\/v2\/users\/2"}],"replies":[{"embeddable":true,"href":"https:\/\/www.sudoestehoje.com.br\/novoportal\/wp-json\/wp\/v2\/comments?post=117498"}],"version-history":[{"count":4,"href":"https:\/\/www.sudoestehoje.com.br\/novoportal\/wp-json\/wp\/v2\/posts\/117498\/revisions"}],"predecessor-version":[{"id":117504,"href":"https:\/\/www.sudoestehoje.com.br\/novoportal\/wp-json\/wp\/v2\/posts\/117498\/revisions\/117504"}],"wp:featuredmedia":[{"embeddable":true,"href":"https:\/\/www.sudoestehoje.com.br\/novoportal\/wp-json\/wp\/v2\/media\/117500"}],"wp:attachment":[{"href":"https:\/\/www.sudoestehoje.com.br\/novoportal\/wp-json\/wp\/v2\/media?parent=117498"}],"wp:term":[{"taxonomy":"category","embeddable":true,"href":"https:\/\/www.sudoestehoje.com.br\/novoportal\/wp-json\/wp\/v2\/categories?post=117498"},{"taxonomy":"post_tag","embeddable":true,"href":"https:\/\/www.sudoestehoje.com.br\/novoportal\/wp-json\/wp\/v2\/tags?post=117498"}],"curies":[{"name":"wp","href":"https:\/\/api.w.org\/{rel}","templated":true}]}}