
{"id":117481,"date":"2024-06-13T17:10:52","date_gmt":"2024-06-13T20:10:52","guid":{"rendered":"https:\/\/www.sudoestehoje.com.br\/novoportal\/?p=117481"},"modified":"2024-06-13T19:05:36","modified_gmt":"2024-06-13T22:05:36","slug":"itapetinga-recebe-selo-de-transparencia-na-prestacao-de-contas-sobre-festejos-juninos","status":"publish","type":"post","link":"https:\/\/www.sudoestehoje.com.br\/novoportal\/2024\/06\/13\/itapetinga-recebe-selo-de-transparencia-na-prestacao-de-contas-sobre-festejos-juninos\/","title":{"rendered":"ITAPETINGA RECEBE SELO DE TRANSPAR\u00caNCIA NA PRESTA\u00c7\u00c3O DE CONTAS SOBRE FESTEJOS JUNINOS"},"content":{"rendered":"<p><img loading=\"lazy\" decoding=\"async\" class=\"alignnone wp-image-117482\" src=\"https:\/\/www.sudoestehoje.com.br\/novoportal\/wp-content\/uploads\/2024\/06\/WhatsApp-Image-2024-06-13-at-09.43.50-600x450.jpeg\" alt=\"\" width=\"556\" height=\"417\" srcset=\"https:\/\/www.sudoestehoje.com.br\/novoportal\/wp-content\/uploads\/2024\/06\/WhatsApp-Image-2024-06-13-at-09.43.50-600x450.jpeg 600w, https:\/\/www.sudoestehoje.com.br\/novoportal\/wp-content\/uploads\/2024\/06\/WhatsApp-Image-2024-06-13-at-09.43.50-700x525.jpeg 700w, https:\/\/www.sudoestehoje.com.br\/novoportal\/wp-content\/uploads\/2024\/06\/WhatsApp-Image-2024-06-13-at-09.43.50-768x576.jpeg 768w, https:\/\/www.sudoestehoje.com.br\/novoportal\/wp-content\/uploads\/2024\/06\/WhatsApp-Image-2024-06-13-at-09.43.50.jpeg 1280w\" sizes=\"auto, (max-width: 556px) 100vw, 556px\" \/><\/p>\n<p><strong>Nesta quinta-feira, 13, a prefeitura de Itapetinga recebeu mais um reconhecimento estadual. No Audit\u00f3rio Afonso Garcia Tinoco, na sede do Minist\u00e9rio P\u00fablico, em Salvador, o munic\u00edpio foi premiado com o Selo Transpar\u00eancia pela presta\u00e7\u00e3o de contas referente aos festejos de S\u00e3o Jo\u00e3o de forma clara e respons\u00e1vel. O consultor jur\u00eddico, Marcone Sodr\u00e9, representou Itapetinga na premia\u00e7\u00e3o.<\/strong><\/p>\n<p><strong>O Selo Transpar\u00eancia foi conferido aos entes p\u00fablicos que colaboraram com o fornecimento de informa\u00e7\u00f5es solicitadas pelos \u00f3rg\u00e3os de controle quanto a gastos p\u00fablicos com festas juninas.\u00a0O evento \u00e9 uma ferramenta de incentivo \u00e0 transpar\u00eancia p\u00fablica, ao exerc\u00edcio da cidadania e de apoio \u00e0 gest\u00e3o eficiente dos recursos p\u00fablicos no fomento \u00e0 cultura e ao turismo. Ele foi concebido e desenvolvido pelo Minist\u00e9rio P\u00fablico em parceria com os Tribunais de Contas do Estado.<\/strong><\/p>\n<p><img loading=\"lazy\" decoding=\"async\" class=\"alignnone wp-image-117483\" src=\"https:\/\/www.sudoestehoje.com.br\/novoportal\/wp-content\/uploads\/2024\/06\/WhatsApp-Image-2024-06-13-at-11.17.21-600x450.jpeg\" alt=\"\" width=\"551\" height=\"413\" srcset=\"https:\/\/www.sudoestehoje.com.br\/novoportal\/wp-content\/uploads\/2024\/06\/WhatsApp-Image-2024-06-13-at-11.17.21-600x450.jpeg 600w, https:\/\/www.sudoestehoje.com.br\/novoportal\/wp-content\/uploads\/2024\/06\/WhatsApp-Image-2024-06-13-at-11.17.21-700x525.jpeg 700w, https:\/\/www.sudoestehoje.com.br\/novoportal\/wp-content\/uploads\/2024\/06\/WhatsApp-Image-2024-06-13-at-11.17.21-768x576.jpeg 768w, https:\/\/www.sudoestehoje.com.br\/novoportal\/wp-content\/uploads\/2024\/06\/WhatsApp-Image-2024-06-13-at-11.17.21.jpeg 1280w\" sizes=\"auto, (max-width: 551px) 100vw, 551px\" \/><\/p>\n<p><strong>De Itapetinga, o prefeito comemorou mais essa conquista.<em> \u201c\u00c9 muito bom perceber o quanto nosso munic\u00edpio se desenvolveu e se estruturou. O quanto temos servido de exemplo para toda a regi\u00e3o. S\u00f3 neste ano, nos destacamos em Infraestrutura, na qualidade dos festejos juninos, melhoramos nossos \u00edndices educacionais e, agora, recebemos o Selo de Transpar\u00eancia. Tudo isso faz um panorama do que tem sido nossa gest\u00e3o: um trabalho s\u00e9rio, respons\u00e1vel, que traz resultados comprovados e benef\u00edcios para nossa popula\u00e7\u00e3o. Tudo feito com transpar\u00eancia e respeito ao er\u00e1rio p\u00fablico\u201d<\/em>, disse Rodrigo Hagge.<\/strong><\/p>\n<p><img loading=\"lazy\" decoding=\"async\" class=\"alignnone size-medium wp-image-117334\" src=\"https:\/\/www.sudoestehoje.com.br\/novoportal\/wp-content\/uploads\/2024\/06\/forro_itapetinga-600x96.jpg\" alt=\"\" width=\"600\" height=\"96\" srcset=\"https:\/\/www.sudoestehoje.com.br\/novoportal\/wp-content\/uploads\/2024\/06\/forro_itapetinga-600x96.jpg 600w, https:\/\/www.sudoestehoje.com.br\/novoportal\/wp-content\/uploads\/2024\/06\/forro_itapetinga-700x113.jpg 700w, https:\/\/www.sudoestehoje.com.br\/novoportal\/wp-content\/uploads\/2024\/06\/forro_itapetinga-768x123.jpg 768w, https:\/\/www.sudoestehoje.com.br\/novoportal\/wp-content\/uploads\/2024\/06\/forro_itapetinga-1536x247.jpg 1536w, https:\/\/www.sudoestehoje.com.br\/novoportal\/wp-content\/uploads\/2024\/06\/forro_itapetinga-2048x329.jpg 2048w\" sizes=\"auto, (max-width: 600px) 100vw, 600px\" \/><\/p>\n","protected":false},"excerpt":{"rendered":"<p>Nesta quinta-feira, 13, a prefeitura de Itapetinga recebeu mais um reconhecimento estadual. No Audit\u00f3rio Afonso Garcia Tinoco, na sede do Minist\u00e9rio P\u00fablico, em Salvador, o munic\u00edpio foi premiado com o Selo Transpar\u00eancia pela presta\u00e7\u00e3o de contas referente aos festejos de S\u00e3o Jo\u00e3o de forma clara e respons\u00e1vel. O consultor jur\u00eddico, Marcone Sodr\u00e9, representou Itapetinga na [&hellip;]<\/p>\n","protected":false},"author":2,"featured_media":117483,"comment_status":"closed","ping_status":"open","sticky":false,"template":"","format":"standard","meta":{"footnotes":"","_links_to":"","_links_to_target":""},"categories":[1],"tags":[],"class_list":["post-117481","post","type-post","status-publish","format-standard","has-post-thumbnail","hentry","category-geral"],"views":875,"_links":{"self":[{"href":"https:\/\/www.sudoestehoje.com.br\/novoportal\/wp-json\/wp\/v2\/posts\/117481","targetHints":{"allow":["GET"]}}],"collection":[{"href":"https:\/\/www.sudoestehoje.com.br\/novoportal\/wp-json\/wp\/v2\/posts"}],"about":[{"href":"https:\/\/www.sudoestehoje.com.br\/novoportal\/wp-json\/wp\/v2\/types\/post"}],"author":[{"embeddable":true,"href":"https:\/\/www.sudoestehoje.com.br\/novoportal\/wp-json\/wp\/v2\/users\/2"}],"replies":[{"embeddable":true,"href":"https:\/\/www.sudoestehoje.com.br\/novoportal\/wp-json\/wp\/v2\/comments?post=117481"}],"version-history":[{"count":4,"href":"https:\/\/www.sudoestehoje.com.br\/novoportal\/wp-json\/wp\/v2\/posts\/117481\/revisions"}],"predecessor-version":[{"id":117490,"href":"https:\/\/www.sudoestehoje.com.br\/novoportal\/wp-json\/wp\/v2\/posts\/117481\/revisions\/117490"}],"wp:featuredmedia":[{"embeddable":true,"href":"https:\/\/www.sudoestehoje.com.br\/novoportal\/wp-json\/wp\/v2\/media\/117483"}],"wp:attachment":[{"href":"https:\/\/www.sudoestehoje.com.br\/novoportal\/wp-json\/wp\/v2\/media?parent=117481"}],"wp:term":[{"taxonomy":"category","embeddable":true,"href":"https:\/\/www.sudoestehoje.com.br\/novoportal\/wp-json\/wp\/v2\/categories?post=117481"},{"taxonomy":"post_tag","embeddable":true,"href":"https:\/\/www.sudoestehoje.com.br\/novoportal\/wp-json\/wp\/v2\/tags?post=117481"}],"curies":[{"name":"wp","href":"https:\/\/api.w.org\/{rel}","templated":true}]}}