
{"id":117446,"date":"2024-06-11T08:50:48","date_gmt":"2024-06-11T11:50:48","guid":{"rendered":"https:\/\/www.sudoestehoje.com.br\/novoportal\/?p=117446"},"modified":"2024-06-11T08:50:48","modified_gmt":"2024-06-11T11:50:48","slug":"quatro-pessoas-morrem-em-acidente-entre-um-carro-e-tres-caminhoes-na-bahia","status":"publish","type":"post","link":"https:\/\/www.sudoestehoje.com.br\/novoportal\/2024\/06\/11\/quatro-pessoas-morrem-em-acidente-entre-um-carro-e-tres-caminhoes-na-bahia\/","title":{"rendered":"QUATRO PESSOAS MORREM EM ACIDENTE ENTRE UM CARRO E TR\u00caS CAMINH\u00d5ES NA BAHIA"},"content":{"rendered":"<p><img loading=\"lazy\" decoding=\"async\" class=\"alignnone  wp-image-117450\" src=\"https:\/\/www.sudoestehoje.com.br\/novoportal\/wp-content\/uploads\/2024\/06\/ojihi-600x365.jpg\" alt=\"\" width=\"551\" height=\"335\" srcset=\"https:\/\/www.sudoestehoje.com.br\/novoportal\/wp-content\/uploads\/2024\/06\/ojihi-600x365.jpg 600w, https:\/\/www.sudoestehoje.com.br\/novoportal\/wp-content\/uploads\/2024\/06\/ojihi.jpg 641w\" sizes=\"auto, (max-width: 551px) 100vw, 551px\" \/><\/p>\n<p><strong>Quatro pessoas morreram ap\u00f3s o carro em que elas estavam se envolver em um acidente com tr\u00eas caminh\u00f5es, nesta segunda-feira (10), na BR-116, no trecho da cidade de\u00a0<a class=\"\" href=\"https:\/\/g1.globo.com\/ba\/bahia\/cidade\/chorrocho\/\" data-mrf-link=\"https:\/\/g1.globo.com\/ba\/bahia\/cidade\/chorrocho\/\">Chorroch\u00f3<\/a>, no norte do estado.<\/strong><\/p>\n<p><strong>De acordo com as informa\u00e7\u00f5es da Pol\u00edcia Rodovi\u00e1ria Federal (PRF), as v\u00edtimas s\u00e3o tr\u00eas mulheres e um homem e todas estavam no ve\u00edculo de passeio. Em imagens que circulam nas redes sociais \u00e9 poss\u00edvel ver diversas pe\u00e7as de roupas espalhadas e ao menos um ve\u00edculo capotado na rodovia.<\/strong><\/p>\n<div id=\"chunk-1te72\">\n<div class=\"mc-column content-text active-extra-styles \" data-block-type=\"unstyled\" data-block-weight=\"33\" data-block-id=\"8\">\n<p class=\" content-text__container \" data-track-category=\"Link no Texto\" data-track-links=\"\" data-mrf-recirculation=\"Article links\"><strong>O Corpo de Bombeiros esteve no local do acidente para retirar as v\u00edtimas das ferragens. Elas devem ser encaminhadas para o Departamento de Pol\u00edcia T\u00e9cnica (IML). N\u00e3o h\u00e1 informa\u00e7\u00f5es sobre vel\u00f3rio e sepultamento.<\/strong><\/p>\n<\/div>\n<\/div>\n<div id=\"chunk-8l9a8\">\n<div class=\"mc-column content-text active-extra-styles \" data-block-type=\"unstyled\" data-block-weight=\"38\" data-block-id=\"9\">\n<p class=\" content-text__container \" data-track-category=\"Link no Texto\" data-track-links=\"\" data-mrf-recirculation=\"Article links\"><strong>Os condutores dos tr\u00eas caminh\u00f5es n\u00e3o ficaram feridos e realizaram o teste de etil\u00f4metro, que mede o n\u00edvel de \u00e1lcool no sangue. O resultado deu negativo. A causa do acidente s\u00f3 ser\u00e1 determinada ap\u00f3s realiza\u00e7\u00e3o de per\u00edcia.\/\/G1<\/strong><\/p>\n<\/div>\n<\/div>\n","protected":false},"excerpt":{"rendered":"<p>Quatro pessoas morreram ap\u00f3s o carro em que elas estavam se envolver em um acidente com tr\u00eas caminh\u00f5es, nesta segunda-feira (10), na BR-116, no trecho da cidade de\u00a0Chorroch\u00f3, no norte do estado. De acordo com as informa\u00e7\u00f5es da Pol\u00edcia Rodovi\u00e1ria Federal (PRF), as v\u00edtimas s\u00e3o tr\u00eas mulheres e um homem e todas estavam no ve\u00edculo [&hellip;]<\/p>\n","protected":false},"author":2,"featured_media":117450,"comment_status":"closed","ping_status":"open","sticky":false,"template":"","format":"standard","meta":{"footnotes":"","_links_to":"","_links_to_target":""},"categories":[1],"tags":[],"class_list":["post-117446","post","type-post","status-publish","format-standard","has-post-thumbnail","hentry","category-geral"],"views":1906,"_links":{"self":[{"href":"https:\/\/www.sudoestehoje.com.br\/novoportal\/wp-json\/wp\/v2\/posts\/117446","targetHints":{"allow":["GET"]}}],"collection":[{"href":"https:\/\/www.sudoestehoje.com.br\/novoportal\/wp-json\/wp\/v2\/posts"}],"about":[{"href":"https:\/\/www.sudoestehoje.com.br\/novoportal\/wp-json\/wp\/v2\/types\/post"}],"author":[{"embeddable":true,"href":"https:\/\/www.sudoestehoje.com.br\/novoportal\/wp-json\/wp\/v2\/users\/2"}],"replies":[{"embeddable":true,"href":"https:\/\/www.sudoestehoje.com.br\/novoportal\/wp-json\/wp\/v2\/comments?post=117446"}],"version-history":[{"count":3,"href":"https:\/\/www.sudoestehoje.com.br\/novoportal\/wp-json\/wp\/v2\/posts\/117446\/revisions"}],"predecessor-version":[{"id":117451,"href":"https:\/\/www.sudoestehoje.com.br\/novoportal\/wp-json\/wp\/v2\/posts\/117446\/revisions\/117451"}],"wp:featuredmedia":[{"embeddable":true,"href":"https:\/\/www.sudoestehoje.com.br\/novoportal\/wp-json\/wp\/v2\/media\/117450"}],"wp:attachment":[{"href":"https:\/\/www.sudoestehoje.com.br\/novoportal\/wp-json\/wp\/v2\/media?parent=117446"}],"wp:term":[{"taxonomy":"category","embeddable":true,"href":"https:\/\/www.sudoestehoje.com.br\/novoportal\/wp-json\/wp\/v2\/categories?post=117446"},{"taxonomy":"post_tag","embeddable":true,"href":"https:\/\/www.sudoestehoje.com.br\/novoportal\/wp-json\/wp\/v2\/tags?post=117446"}],"curies":[{"name":"wp","href":"https:\/\/api.w.org\/{rel}","templated":true}]}}