
{"id":117420,"date":"2024-06-10T09:29:42","date_gmt":"2024-06-10T12:29:42","guid":{"rendered":"https:\/\/www.sudoestehoje.com.br\/novoportal\/?p=117420"},"modified":"2024-06-10T09:29:42","modified_gmt":"2024-06-10T12:29:42","slug":"luto-maria-de-lourdes-sampaio-galvao","status":"publish","type":"post","link":"https:\/\/www.sudoestehoje.com.br\/novoportal\/2024\/06\/10\/luto-maria-de-lourdes-sampaio-galvao\/","title":{"rendered":"LUTO | MARIA DE LOURDES SAMPAIO GALV\u00c3O"},"content":{"rendered":"<p><img loading=\"lazy\" decoding=\"async\" class=\"alignnone  wp-image-117421\" src=\"https:\/\/www.sudoestehoje.com.br\/novoportal\/wp-content\/uploads\/2024\/06\/56a678b4-5330-43a0-865b-7bb87be8db3c-600x532.jpg\" alt=\"\" width=\"550\" height=\"488\" srcset=\"https:\/\/www.sudoestehoje.com.br\/novoportal\/wp-content\/uploads\/2024\/06\/56a678b4-5330-43a0-865b-7bb87be8db3c-600x532.jpg 600w, https:\/\/www.sudoestehoje.com.br\/novoportal\/wp-content\/uploads\/2024\/06\/56a678b4-5330-43a0-865b-7bb87be8db3c.jpg 689w\" sizes=\"auto, (max-width: 550px) 100vw, 550px\" \/><\/p>\n<p><strong>A fam\u00edlia Galv\u00e3o comunica o falecimento de Maria de Lourdes Sampaio Galv\u00e3o, 92 anos, mais conhecida como Mari\u00e1, esposa de Jaime Galv\u00e3o Vaz e m\u00e3e de Jairo, Jaimir, Jorge, J\u00falio, Ilana, Jaldo, Jackson e Irlania\u00a0 (Naninha).<\/strong><\/p>\n<p><strong> O vel\u00f3rio ser\u00e1 no cerimonial Vida Plena e o sepultamento est\u00e1 previsto as 16h, no Cemit\u00e9rio Parque, na Nova Itapetinga.<\/strong><\/p>\n<p><strong>O Sudoeste Hoje lamenta a passagem de dona Mari\u00e1 estende o seu pesar para toda a fam\u00edlia enlutada.<\/strong><\/p>\n<p><strong>Davi Ferraz &#8211; Editor<\/strong><\/p>\n","protected":false},"excerpt":{"rendered":"<p>A fam\u00edlia Galv\u00e3o comunica o falecimento de Maria de Lourdes Sampaio Galv\u00e3o, 92 anos, mais conhecida como Mari\u00e1, esposa de Jaime Galv\u00e3o Vaz e m\u00e3e de Jairo, Jaimir, Jorge, J\u00falio, Ilana, Jaldo, Jackson e Irlania\u00a0 (Naninha). O vel\u00f3rio ser\u00e1 no cerimonial Vida Plena e o sepultamento est\u00e1 previsto as 16h, no Cemit\u00e9rio Parque, na Nova [&hellip;]<\/p>\n","protected":false},"author":2,"featured_media":117421,"comment_status":"closed","ping_status":"open","sticky":false,"template":"","format":"standard","meta":{"footnotes":"","_links_to":"","_links_to_target":""},"categories":[1],"tags":[],"class_list":["post-117420","post","type-post","status-publish","format-standard","has-post-thumbnail","hentry","category-geral"],"views":542,"_links":{"self":[{"href":"https:\/\/www.sudoestehoje.com.br\/novoportal\/wp-json\/wp\/v2\/posts\/117420","targetHints":{"allow":["GET"]}}],"collection":[{"href":"https:\/\/www.sudoestehoje.com.br\/novoportal\/wp-json\/wp\/v2\/posts"}],"about":[{"href":"https:\/\/www.sudoestehoje.com.br\/novoportal\/wp-json\/wp\/v2\/types\/post"}],"author":[{"embeddable":true,"href":"https:\/\/www.sudoestehoje.com.br\/novoportal\/wp-json\/wp\/v2\/users\/2"}],"replies":[{"embeddable":true,"href":"https:\/\/www.sudoestehoje.com.br\/novoportal\/wp-json\/wp\/v2\/comments?post=117420"}],"version-history":[{"count":1,"href":"https:\/\/www.sudoestehoje.com.br\/novoportal\/wp-json\/wp\/v2\/posts\/117420\/revisions"}],"predecessor-version":[{"id":117422,"href":"https:\/\/www.sudoestehoje.com.br\/novoportal\/wp-json\/wp\/v2\/posts\/117420\/revisions\/117422"}],"wp:featuredmedia":[{"embeddable":true,"href":"https:\/\/www.sudoestehoje.com.br\/novoportal\/wp-json\/wp\/v2\/media\/117421"}],"wp:attachment":[{"href":"https:\/\/www.sudoestehoje.com.br\/novoportal\/wp-json\/wp\/v2\/media?parent=117420"}],"wp:term":[{"taxonomy":"category","embeddable":true,"href":"https:\/\/www.sudoestehoje.com.br\/novoportal\/wp-json\/wp\/v2\/categories?post=117420"},{"taxonomy":"post_tag","embeddable":true,"href":"https:\/\/www.sudoestehoje.com.br\/novoportal\/wp-json\/wp\/v2\/tags?post=117420"}],"curies":[{"name":"wp","href":"https:\/\/api.w.org\/{rel}","templated":true}]}}