
{"id":11741,"date":"2012-01-04T19:40:17","date_gmt":"2012-01-04T22:40:17","guid":{"rendered":"http:\/\/www.sudoestehoje.com.br\/novoportal\/?p=11741"},"modified":"2012-01-04T21:58:24","modified_gmt":"2012-01-05T00:58:24","slug":"geraldo-simoes-diz-que-falou-mal-de-itabuna-e-nao-de-conquista","status":"publish","type":"post","link":"https:\/\/www.sudoestehoje.com.br\/novoportal\/2012\/01\/04\/geraldo-simoes-diz-que-falou-mal-de-itabuna-e-nao-de-conquista\/","title":{"rendered":"GERALDO SIM\u00d5ES DIZ QUE FALOU MAL DE ITABUNA E N\u00c3O DE CONQUISTA"},"content":{"rendered":"<p style=\"text-align: center;\"><img decoding=\"async\" class=\"aligncenter\" src=\"http:\/\/2.bp.blogspot.com\/_rhdEWKYIIBg\/S7V0I_638WI\/AAAAAAAADCs\/3v8hwtvU5Sc\/s1600\/GERALDO+SIM%C3%95ES.jpg\" alt=\"\" width=\"400\" \/><\/p>\n<p style=\"text-align: center;\"><em><strong>Geraldo Sim\u00f5es se desculpa com Conquista, depois da mancada na Voz do Brasil<\/strong><\/em><\/p>\n<p>VIT\u00d3RIA DA CONQUISTA: Depois do flagra que o <em>Sudoeste Hoje<\/em> deu no deputado Geraldo Sim\u00f5es, falando mal da administra\u00e7\u00e3o do colega petista de Vit\u00f3ria da Conquista, na Voz do Brasil, o assunto repercutiu em todo o estado, sendo reproduzido por diversos blogs. Como ficou &#8216;mal na fita&#8217; com os companheiros conquistenses, o deputado resolveu remediar a situa\u00e7\u00e3o, colocando a culpa na equipe de reda\u00e7\u00e3o da &#8216;Voz do Brasil&#8217;.<\/p>\n<p>Por telefone com o Blog do Anderson no in\u00edcio da noite dessa quarta-feira (4), o deputado federal Geraldo Sim\u00f5es (PT), disse ter sido equivoco a mat\u00e9ria difundida pelo programa Voz do Brasil na \u00faltima sexta-feira de 2011. De acordo com o parlamentar, a cr\u00edtica que ele fez foi a Itabuna, cidade em que ele foi prefeito, mas os redatores da Agencia Nacional confundiram e colocam Vit\u00f3ria da Conquista. Ao contr\u00e1rio do que veiculado em blogs e emissoras de r\u00e1dios de Vit\u00f3ria da Conquista, o petista fez grandes elogios \u00e0 cidade.<\/p>\n<p>Resumindo, Geraldo Sim\u00f5es confessa que \u00a0falou mal de Itabuna, em rede nacional. A emenda saiu pior do que o soneto&#8230;<\/p>\n<p><em><strong>Por DAVI FERRAZ<\/strong><\/em><\/p>\n","protected":false},"excerpt":{"rendered":"<p>Geraldo Sim\u00f5es se desculpa com Conquista, depois da mancada na Voz do Brasil VIT\u00d3RIA DA CONQUISTA: Depois do flagra que o Sudoeste Hoje deu no deputado Geraldo Sim\u00f5es, falando mal da administra\u00e7\u00e3o do colega petista de Vit\u00f3ria da Conquista, na Voz do Brasil, o assunto repercutiu em todo o estado, sendo reproduzido por diversos blogs. [&hellip;]<\/p>\n","protected":false},"author":2,"featured_media":0,"comment_status":"open","ping_status":"open","sticky":false,"template":"","format":"standard","meta":{"footnotes":"","_links_to":"","_links_to_target":""},"categories":[1],"tags":[],"class_list":["post-11741","post","type-post","status-publish","format-standard","hentry","category-geral"],"views":1275,"_links":{"self":[{"href":"https:\/\/www.sudoestehoje.com.br\/novoportal\/wp-json\/wp\/v2\/posts\/11741","targetHints":{"allow":["GET"]}}],"collection":[{"href":"https:\/\/www.sudoestehoje.com.br\/novoportal\/wp-json\/wp\/v2\/posts"}],"about":[{"href":"https:\/\/www.sudoestehoje.com.br\/novoportal\/wp-json\/wp\/v2\/types\/post"}],"author":[{"embeddable":true,"href":"https:\/\/www.sudoestehoje.com.br\/novoportal\/wp-json\/wp\/v2\/users\/2"}],"replies":[{"embeddable":true,"href":"https:\/\/www.sudoestehoje.com.br\/novoportal\/wp-json\/wp\/v2\/comments?post=11741"}],"version-history":[{"count":5,"href":"https:\/\/www.sudoestehoje.com.br\/novoportal\/wp-json\/wp\/v2\/posts\/11741\/revisions"}],"predecessor-version":[{"id":11757,"href":"https:\/\/www.sudoestehoje.com.br\/novoportal\/wp-json\/wp\/v2\/posts\/11741\/revisions\/11757"}],"wp:attachment":[{"href":"https:\/\/www.sudoestehoje.com.br\/novoportal\/wp-json\/wp\/v2\/media?parent=11741"}],"wp:term":[{"taxonomy":"category","embeddable":true,"href":"https:\/\/www.sudoestehoje.com.br\/novoportal\/wp-json\/wp\/v2\/categories?post=11741"},{"taxonomy":"post_tag","embeddable":true,"href":"https:\/\/www.sudoestehoje.com.br\/novoportal\/wp-json\/wp\/v2\/tags?post=11741"}],"curies":[{"name":"wp","href":"https:\/\/api.w.org\/{rel}","templated":true}]}}