
{"id":11737,"date":"2012-01-04T08:03:04","date_gmt":"2012-01-04T11:03:04","guid":{"rendered":"http:\/\/www.sudoestehoje.com.br\/novoportal\/?p=11737"},"modified":"2012-01-04T20:13:37","modified_gmt":"2012-01-04T23:13:37","slug":"resultado-da-enquete","status":"publish","type":"post","link":"https:\/\/www.sudoestehoje.com.br\/novoportal\/2012\/01\/04\/resultado-da-enquete\/","title":{"rendered":"ENQUETE: Z\u00c9 CARLOS \u00c9 ELEITO O PIOR PREFEITO DA REGI\u00c3O"},"content":{"rendered":"<p style=\"text-align: center;\"><img decoding=\"async\" class=\"aligncenter\" src=\"http:\/\/3.bp.blogspot.com\/-FG8s3YeZQa8\/TiTuNUm6VNI\/AAAAAAAAIY4\/3D3fdS3Oe_k\/s1600\/AZAL%25C3%2589IA+ADROALDO+E+Z%25C3%2589+CARLOS.JPG\" alt=\"\" width=\"400\" \/><\/p>\n<p style=\"text-align: center;\"><em><strong>Z\u00e9 Carlos e Adroaldo s\u00e3o os &#8220;favoritos&#8221; dos nossos internautas<\/strong><\/em><\/p>\n<p style=\"text-align: left;\">\n<p style=\"text-align: left;\">O prefeito de Itapetinga, Jos\u00e9 Carlos Moura (PT), foi escolhido pelos leitores do Sudoeste Hoje, como o &#8220;PIOR PREFEITO DA REGI\u00c3O&#8221;. \u00a0A enquete, que rolou no site desde o in\u00edcio de dezembro, foi encerrada nesta quarta-feira, depois de ter alcan\u00e7ado a marca recorde de 2.395 votos. Em segundo lugar no ranking dos piores, vem o tamb\u00e9m petista Adroaldo Almeida, prefeito de Itoror\u00f3.<\/p>\n<p style=\"text-align: center;\">Confira o resultado da nossa Enquete para pior prefeito da regi\u00e3o!<\/p>\n<p style=\"text-align: center;\"><a rel=\"attachment wp-att-11738\" href=\"http:\/\/www.sudoestehoje.com.br\/novoportal\/2012\/01\/04\/resultado-da-enquete\/resultadoenquete\/\"><img loading=\"lazy\" decoding=\"async\" class=\"size-full wp-image-11738 aligncenter\" title=\"resultadoenquete\" src=\"http:\/\/www.sudoestehoje.com.br\/novoportal\/wp-content\/uploads\/2012\/01\/resultadoenquete.jpg\" alt=\"\" width=\"187\" height=\"542\" \/><\/a><\/p>\n<p style=\"text-align: center;\">\n","protected":false},"excerpt":{"rendered":"<p>Z\u00e9 Carlos e Adroaldo s\u00e3o os &#8220;favoritos&#8221; dos nossos internautas O prefeito de Itapetinga, Jos\u00e9 Carlos Moura (PT), foi escolhido pelos leitores do Sudoeste Hoje, como o &#8220;PIOR PREFEITO DA REGI\u00c3O&#8221;. \u00a0A enquete, que rolou no site desde o in\u00edcio de dezembro, foi encerrada nesta quarta-feira, depois de ter alcan\u00e7ado a marca recorde de 2.395 [&hellip;]<\/p>\n","protected":false},"author":1,"featured_media":0,"comment_status":"open","ping_status":"open","sticky":false,"template":"","format":"standard","meta":{"footnotes":"","_links_to":"","_links_to_target":""},"categories":[1],"tags":[],"class_list":["post-11737","post","type-post","status-publish","format-standard","hentry","category-geral"],"views":1145,"_links":{"self":[{"href":"https:\/\/www.sudoestehoje.com.br\/novoportal\/wp-json\/wp\/v2\/posts\/11737","targetHints":{"allow":["GET"]}}],"collection":[{"href":"https:\/\/www.sudoestehoje.com.br\/novoportal\/wp-json\/wp\/v2\/posts"}],"about":[{"href":"https:\/\/www.sudoestehoje.com.br\/novoportal\/wp-json\/wp\/v2\/types\/post"}],"author":[{"embeddable":true,"href":"https:\/\/www.sudoestehoje.com.br\/novoportal\/wp-json\/wp\/v2\/users\/1"}],"replies":[{"embeddable":true,"href":"https:\/\/www.sudoestehoje.com.br\/novoportal\/wp-json\/wp\/v2\/comments?post=11737"}],"version-history":[{"count":7,"href":"https:\/\/www.sudoestehoje.com.br\/novoportal\/wp-json\/wp\/v2\/posts\/11737\/revisions"}],"predecessor-version":[{"id":11748,"href":"https:\/\/www.sudoestehoje.com.br\/novoportal\/wp-json\/wp\/v2\/posts\/11737\/revisions\/11748"}],"wp:attachment":[{"href":"https:\/\/www.sudoestehoje.com.br\/novoportal\/wp-json\/wp\/v2\/media?parent=11737"}],"wp:term":[{"taxonomy":"category","embeddable":true,"href":"https:\/\/www.sudoestehoje.com.br\/novoportal\/wp-json\/wp\/v2\/categories?post=11737"},{"taxonomy":"post_tag","embeddable":true,"href":"https:\/\/www.sudoestehoje.com.br\/novoportal\/wp-json\/wp\/v2\/tags?post=11737"}],"curies":[{"name":"wp","href":"https:\/\/api.w.org\/{rel}","templated":true}]}}