
{"id":117353,"date":"2024-06-06T10:02:54","date_gmt":"2024-06-06T13:02:54","guid":{"rendered":"https:\/\/www.sudoestehoje.com.br\/novoportal\/?p=117353"},"modified":"2024-06-06T10:06:31","modified_gmt":"2024-06-06T13:06:31","slug":"atrasado-governo-da-bahia-adia-emissao-da-nova-cedula-de-identidade","status":"publish","type":"post","link":"https:\/\/www.sudoestehoje.com.br\/novoportal\/2024\/06\/06\/atrasado-governo-da-bahia-adia-emissao-da-nova-cedula-de-identidade\/","title":{"rendered":"ATRASADO | GOVERNO DA BAHIA ADIA EMISS\u00c3O DA NOVA C\u00c9DULA DE IDENTIDADE"},"content":{"rendered":"<p><img loading=\"lazy\" decoding=\"async\" class=\"alignnone wp-image-117355\" src=\"https:\/\/www.sudoestehoje.com.br\/novoportal\/wp-content\/uploads\/2024\/06\/Nova-carteira-de-identidade-600x300.webp\" alt=\"\" width=\"550\" height=\"275\" srcset=\"https:\/\/www.sudoestehoje.com.br\/novoportal\/wp-content\/uploads\/2024\/06\/Nova-carteira-de-identidade-600x300.webp 600w, https:\/\/www.sudoestehoje.com.br\/novoportal\/wp-content\/uploads\/2024\/06\/Nova-carteira-de-identidade.webp 677w\" sizes=\"auto, (max-width: 550px) 100vw, 550px\" \/><\/p>\n<p><strong>A emiss\u00e3o das novas Carteiras de Identidade na Bahia, prevista para come\u00e7ar em 1\u00ba de junho, foi adiada. Segundo informa\u00e7\u00f5es do Departamento de Pol\u00edcia T\u00e9cnica (DPT), respons\u00e1vel pelo Instituto de Identifica\u00e7\u00e3o Pedro Mello (IIPM), a distribui\u00e7\u00e3o dos novos documentos dever\u00e1 iniciar ainda no primeiro semestre deste ano.<\/strong><\/p>\n<p><strong>O adiamento ocorreu devido a um atraso na integra\u00e7\u00e3o do sistema de gera\u00e7\u00e3o de QR Code da nova Carteira de Identidade Nacional (CIN), operado pelo Minist\u00e9rio da Justi\u00e7a. Para acessar o servi\u00e7o, os cidad\u00e3os precisar\u00e3o agendar atrav\u00e9s da plataforma ou aplicativo ba.gov.br. <\/strong><\/p>\n<p><strong>Ap\u00f3s a consolida\u00e7\u00e3o do sistema, ser\u00e3o iniciadas as tratativas para a abertura do atendimento a toda a popula\u00e7\u00e3o.<\/strong><\/p>\n<p><img loading=\"lazy\" decoding=\"async\" class=\"alignnone size-medium wp-image-117334\" src=\"https:\/\/www.sudoestehoje.com.br\/novoportal\/wp-content\/uploads\/2024\/06\/forro_itapetinga-600x96.jpg\" alt=\"\" width=\"600\" height=\"96\" srcset=\"https:\/\/www.sudoestehoje.com.br\/novoportal\/wp-content\/uploads\/2024\/06\/forro_itapetinga-600x96.jpg 600w, https:\/\/www.sudoestehoje.com.br\/novoportal\/wp-content\/uploads\/2024\/06\/forro_itapetinga-700x113.jpg 700w, https:\/\/www.sudoestehoje.com.br\/novoportal\/wp-content\/uploads\/2024\/06\/forro_itapetinga-768x123.jpg 768w, https:\/\/www.sudoestehoje.com.br\/novoportal\/wp-content\/uploads\/2024\/06\/forro_itapetinga-1536x247.jpg 1536w, https:\/\/www.sudoestehoje.com.br\/novoportal\/wp-content\/uploads\/2024\/06\/forro_itapetinga-2048x329.jpg 2048w\" sizes=\"auto, (max-width: 600px) 100vw, 600px\" \/><\/p>\n<p><img loading=\"lazy\" decoding=\"async\" class=\"alignnone size-medium wp-image-117068\" src=\"https:\/\/www.sudoestehoje.com.br\/novoportal\/wp-content\/uploads\/2024\/05\/novoshorizontes-600x74.gif\" alt=\"\" width=\"600\" height=\"74\" srcset=\"https:\/\/www.sudoestehoje.com.br\/novoportal\/wp-content\/uploads\/2024\/05\/novoshorizontes-600x74.gif 600w, https:\/\/www.sudoestehoje.com.br\/novoportal\/wp-content\/uploads\/2024\/05\/novoshorizontes-700x87.gif 700w\" sizes=\"auto, (max-width: 600px) 100vw, 600px\" \/><\/p>\n","protected":false},"excerpt":{"rendered":"<p>A emiss\u00e3o das novas Carteiras de Identidade na Bahia, prevista para come\u00e7ar em 1\u00ba de junho, foi adiada. Segundo informa\u00e7\u00f5es do Departamento de Pol\u00edcia T\u00e9cnica (DPT), respons\u00e1vel pelo Instituto de Identifica\u00e7\u00e3o Pedro Mello (IIPM), a distribui\u00e7\u00e3o dos novos documentos dever\u00e1 iniciar ainda no primeiro semestre deste ano. O adiamento ocorreu devido a um atraso na [&hellip;]<\/p>\n","protected":false},"author":2,"featured_media":117355,"comment_status":"closed","ping_status":"open","sticky":false,"template":"","format":"standard","meta":{"footnotes":"","_links_to":"","_links_to_target":""},"categories":[1],"tags":[],"class_list":["post-117353","post","type-post","status-publish","format-standard","has-post-thumbnail","hentry","category-geral"],"views":575,"_links":{"self":[{"href":"https:\/\/www.sudoestehoje.com.br\/novoportal\/wp-json\/wp\/v2\/posts\/117353","targetHints":{"allow":["GET"]}}],"collection":[{"href":"https:\/\/www.sudoestehoje.com.br\/novoportal\/wp-json\/wp\/v2\/posts"}],"about":[{"href":"https:\/\/www.sudoestehoje.com.br\/novoportal\/wp-json\/wp\/v2\/types\/post"}],"author":[{"embeddable":true,"href":"https:\/\/www.sudoestehoje.com.br\/novoportal\/wp-json\/wp\/v2\/users\/2"}],"replies":[{"embeddable":true,"href":"https:\/\/www.sudoestehoje.com.br\/novoportal\/wp-json\/wp\/v2\/comments?post=117353"}],"version-history":[{"count":4,"href":"https:\/\/www.sudoestehoje.com.br\/novoportal\/wp-json\/wp\/v2\/posts\/117353\/revisions"}],"predecessor-version":[{"id":117359,"href":"https:\/\/www.sudoestehoje.com.br\/novoportal\/wp-json\/wp\/v2\/posts\/117353\/revisions\/117359"}],"wp:featuredmedia":[{"embeddable":true,"href":"https:\/\/www.sudoestehoje.com.br\/novoportal\/wp-json\/wp\/v2\/media\/117355"}],"wp:attachment":[{"href":"https:\/\/www.sudoestehoje.com.br\/novoportal\/wp-json\/wp\/v2\/media?parent=117353"}],"wp:term":[{"taxonomy":"category","embeddable":true,"href":"https:\/\/www.sudoestehoje.com.br\/novoportal\/wp-json\/wp\/v2\/categories?post=117353"},{"taxonomy":"post_tag","embeddable":true,"href":"https:\/\/www.sudoestehoje.com.br\/novoportal\/wp-json\/wp\/v2\/tags?post=117353"}],"curies":[{"name":"wp","href":"https:\/\/api.w.org\/{rel}","templated":true}]}}