
{"id":117316,"date":"2024-06-04T11:53:21","date_gmt":"2024-06-04T14:53:21","guid":{"rendered":"https:\/\/www.sudoestehoje.com.br\/novoportal\/?p=117316"},"modified":"2024-06-05T19:35:19","modified_gmt":"2024-06-05T22:35:19","slug":"cna-entra-com-acao-no-stf-contra-importacao-de-arroz-pelo-governo","status":"publish","type":"post","link":"https:\/\/www.sudoestehoje.com.br\/novoportal\/2024\/06\/04\/cna-entra-com-acao-no-stf-contra-importacao-de-arroz-pelo-governo\/","title":{"rendered":"CNA ENTRA COM A\u00c7\u00c3O NO STF CONTRA IMPORTA\u00c7\u00c3O DE ARROZ PELO GOVERNO"},"content":{"rendered":"<p><img loading=\"lazy\" decoding=\"async\" class=\"alignnone size-medium wp-image-117317\" src=\"https:\/\/www.sudoestehoje.com.br\/novoportal\/wp-content\/uploads\/2024\/06\/site-agro-entra-no-stf-contra-importacao-de-arroz-tio-lula-arroz1-e1717496047973-600x579.jpg\" alt=\"\" width=\"600\" height=\"579\" srcset=\"https:\/\/www.sudoestehoje.com.br\/novoportal\/wp-content\/uploads\/2024\/06\/site-agro-entra-no-stf-contra-importacao-de-arroz-tio-lula-arroz1-e1717496047973-600x579.jpg 600w, https:\/\/www.sudoestehoje.com.br\/novoportal\/wp-content\/uploads\/2024\/06\/site-agro-entra-no-stf-contra-importacao-de-arroz-tio-lula-arroz1-e1717496047973-700x676.jpg 700w, https:\/\/www.sudoestehoje.com.br\/novoportal\/wp-content\/uploads\/2024\/06\/site-agro-entra-no-stf-contra-importacao-de-arroz-tio-lula-arroz1-e1717496047973.jpg 702w\" sizes=\"auto, (max-width: 600px) 100vw, 600px\" \/><\/p>\n<p><strong>A Confedera\u00e7\u00e3o da Agricultura e Pecu\u00e1ria do Brasil (CNA) entrou com uma a\u00e7\u00e3o no Supremo Tribunal Federal (STF) contra a decis\u00e3o do governo de importar arroz.<\/strong><\/p>\n<p><strong>A medida foi anunciada pelo governo federal como forma de combater o aumento de pre\u00e7os do gr\u00e3o, em meio \u00e0s inunda\u00e7\u00f5es no Rio Grande do Sul. O estado \u00e9 respons\u00e1vel por 70% da produ\u00e7\u00e3o do gr\u00e3o destinada para o consumo nacional.<\/strong><\/p>\n<p><strong>A A\u00e7\u00e3o Direta de Inconstitucionalidade (ADI) da CNA pede a suspens\u00e3o do primeiro leil\u00e3o p\u00fablico da Companhia Nacional de Abastecimento (Conab) para a compra do cereal importado e exige que o governo d\u00ea mais explica\u00e7\u00f5es sobre a medida.<\/strong><\/p>\n<p><strong>A entidade justifica a a\u00e7\u00e3o, afirmando que a importa\u00e7\u00e3o vai afetar uma cadeia produtiva \u201ccriando instabilidade de pre\u00e7os, prejudicando produtores locais de arroz, desconsiderando os gr\u00e3os j\u00e1 colhidos e armazenados\u201d. No texto, a CNA ressaltou que 84% da \u00e1rea plantada do estado foi efetivamente colhida antes do in\u00edcio das chuvas e destaca que n\u00e3o existe o risco de desabastecimento.<\/strong><\/p>\n<p><img loading=\"lazy\" decoding=\"async\" class=\"alignnone size-medium wp-image-117334\" src=\"https:\/\/www.sudoestehoje.com.br\/novoportal\/wp-content\/uploads\/2024\/06\/forro_itapetinga-600x96.jpg\" alt=\"\" width=\"600\" height=\"96\" srcset=\"https:\/\/www.sudoestehoje.com.br\/novoportal\/wp-content\/uploads\/2024\/06\/forro_itapetinga-600x96.jpg 600w, https:\/\/www.sudoestehoje.com.br\/novoportal\/wp-content\/uploads\/2024\/06\/forro_itapetinga-700x113.jpg 700w, https:\/\/www.sudoestehoje.com.br\/novoportal\/wp-content\/uploads\/2024\/06\/forro_itapetinga-768x123.jpg 768w, https:\/\/www.sudoestehoje.com.br\/novoportal\/wp-content\/uploads\/2024\/06\/forro_itapetinga-1536x247.jpg 1536w, https:\/\/www.sudoestehoje.com.br\/novoportal\/wp-content\/uploads\/2024\/06\/forro_itapetinga-2048x329.jpg 2048w\" sizes=\"auto, (max-width: 600px) 100vw, 600px\" \/><\/p>\n","protected":false},"excerpt":{"rendered":"<p>A Confedera\u00e7\u00e3o da Agricultura e Pecu\u00e1ria do Brasil (CNA) entrou com uma a\u00e7\u00e3o no Supremo Tribunal Federal (STF) contra a decis\u00e3o do governo de importar arroz. A medida foi anunciada pelo governo federal como forma de combater o aumento de pre\u00e7os do gr\u00e3o, em meio \u00e0s inunda\u00e7\u00f5es no Rio Grande do Sul. O estado \u00e9 [&hellip;]<\/p>\n","protected":false},"author":2,"featured_media":117317,"comment_status":"closed","ping_status":"open","sticky":false,"template":"","format":"standard","meta":{"footnotes":"","_links_to":"","_links_to_target":""},"categories":[1],"tags":[],"class_list":["post-117316","post","type-post","status-publish","format-standard","has-post-thumbnail","hentry","category-geral"],"views":1331,"_links":{"self":[{"href":"https:\/\/www.sudoestehoje.com.br\/novoportal\/wp-json\/wp\/v2\/posts\/117316","targetHints":{"allow":["GET"]}}],"collection":[{"href":"https:\/\/www.sudoestehoje.com.br\/novoportal\/wp-json\/wp\/v2\/posts"}],"about":[{"href":"https:\/\/www.sudoestehoje.com.br\/novoportal\/wp-json\/wp\/v2\/types\/post"}],"author":[{"embeddable":true,"href":"https:\/\/www.sudoestehoje.com.br\/novoportal\/wp-json\/wp\/v2\/users\/2"}],"replies":[{"embeddable":true,"href":"https:\/\/www.sudoestehoje.com.br\/novoportal\/wp-json\/wp\/v2\/comments?post=117316"}],"version-history":[{"count":2,"href":"https:\/\/www.sudoestehoje.com.br\/novoportal\/wp-json\/wp\/v2\/posts\/117316\/revisions"}],"predecessor-version":[{"id":117337,"href":"https:\/\/www.sudoestehoje.com.br\/novoportal\/wp-json\/wp\/v2\/posts\/117316\/revisions\/117337"}],"wp:featuredmedia":[{"embeddable":true,"href":"https:\/\/www.sudoestehoje.com.br\/novoportal\/wp-json\/wp\/v2\/media\/117317"}],"wp:attachment":[{"href":"https:\/\/www.sudoestehoje.com.br\/novoportal\/wp-json\/wp\/v2\/media?parent=117316"}],"wp:term":[{"taxonomy":"category","embeddable":true,"href":"https:\/\/www.sudoestehoje.com.br\/novoportal\/wp-json\/wp\/v2\/categories?post=117316"},{"taxonomy":"post_tag","embeddable":true,"href":"https:\/\/www.sudoestehoje.com.br\/novoportal\/wp-json\/wp\/v2\/tags?post=117316"}],"curies":[{"name":"wp","href":"https:\/\/api.w.org\/{rel}","templated":true}]}}