
{"id":117308,"date":"2024-06-04T10:50:16","date_gmt":"2024-06-04T13:50:16","guid":{"rendered":"https:\/\/www.sudoestehoje.com.br\/novoportal\/?p=117308"},"modified":"2024-06-04T11:36:24","modified_gmt":"2024-06-04T14:36:24","slug":"cupula-do-mdb-mostra-uniao-em-evento-de-lancamento-de-luciano-almeida","status":"publish","type":"post","link":"https:\/\/www.sudoestehoje.com.br\/novoportal\/2024\/06\/04\/cupula-do-mdb-mostra-uniao-em-evento-de-lancamento-de-luciano-almeida\/","title":{"rendered":"C\u00daPULA DO MDB MOSTRA UNI\u00c3O EM EVENTO DE LAN\u00c7AMENTO DE LUCIANO ALMEIDA"},"content":{"rendered":"<p><img loading=\"lazy\" decoding=\"async\" class=\"alignnone wp-image-117312\" src=\"https:\/\/www.sudoestehoje.com.br\/novoportal\/wp-content\/uploads\/2024\/06\/WhatsApp-Image-2024-06-04-at-10.34.46-2-600x338.jpeg\" alt=\"\" width=\"550\" height=\"310\" srcset=\"https:\/\/www.sudoestehoje.com.br\/novoportal\/wp-content\/uploads\/2024\/06\/WhatsApp-Image-2024-06-04-at-10.34.46-2-600x338.jpeg 600w, https:\/\/www.sudoestehoje.com.br\/novoportal\/wp-content\/uploads\/2024\/06\/WhatsApp-Image-2024-06-04-at-10.34.46-2-700x394.jpeg 700w, https:\/\/www.sudoestehoje.com.br\/novoportal\/wp-content\/uploads\/2024\/06\/WhatsApp-Image-2024-06-04-at-10.34.46-2-768x432.jpeg 768w, https:\/\/www.sudoestehoje.com.br\/novoportal\/wp-content\/uploads\/2024\/06\/WhatsApp-Image-2024-06-04-at-10.34.46-2-1536x865.jpeg 1536w, https:\/\/www.sudoestehoje.com.br\/novoportal\/wp-content\/uploads\/2024\/06\/WhatsApp-Image-2024-06-04-at-10.34.46-2.jpeg 1600w\" sizes=\"auto, (max-width: 550px) 100vw, 550px\" \/><\/p>\n<p><strong>Ca\u00edram por terra todas as especula\u00e7\u00f5es da oposi\u00e7\u00e3o sobre um suposto racha na c\u00fapula do MDB de Itapetinga, fato que, segundo as m\u00e1s l\u00ednguas, poderia amea\u00e7ar a perman\u00eancia da pr\u00e9-candidatura de Eduardo Hagge a prefeito do munic\u00edpio, pelo MDB.<\/strong><\/p>\n<p><strong>Contrariando essas especula\u00e7\u00f5es, a uni\u00e3o da c\u00fapula emedebista ficou demonstrada, de forma inequ\u00edvoca, durante o evento de lan\u00e7amento do pr\u00e9-candidato a vereador Luciano Almeida (MDB), com casa cheia de dar inveja aos postulantes a prefeito da oposi\u00e7\u00e3o, que at\u00e9 hoje n\u00e3o conseguiram mobilizar suas enfraquecidas bases, como deveriam.<\/strong><\/p>\n<p><img loading=\"lazy\" decoding=\"async\" class=\"alignnone wp-image-117310\" src=\"https:\/\/www.sudoestehoje.com.br\/novoportal\/wp-content\/uploads\/2024\/06\/WhatsApp-Image-2024-06-04-at-10.34.46-1-600x338.jpeg\" alt=\"\" width=\"549\" height=\"309\" srcset=\"https:\/\/www.sudoestehoje.com.br\/novoportal\/wp-content\/uploads\/2024\/06\/WhatsApp-Image-2024-06-04-at-10.34.46-1-600x338.jpeg 600w, https:\/\/www.sudoestehoje.com.br\/novoportal\/wp-content\/uploads\/2024\/06\/WhatsApp-Image-2024-06-04-at-10.34.46-1-700x394.jpeg 700w, https:\/\/www.sudoestehoje.com.br\/novoportal\/wp-content\/uploads\/2024\/06\/WhatsApp-Image-2024-06-04-at-10.34.46-1-768x432.jpeg 768w, https:\/\/www.sudoestehoje.com.br\/novoportal\/wp-content\/uploads\/2024\/06\/WhatsApp-Image-2024-06-04-at-10.34.46-1-1536x865.jpeg 1536w, https:\/\/www.sudoestehoje.com.br\/novoportal\/wp-content\/uploads\/2024\/06\/WhatsApp-Image-2024-06-04-at-10.34.46-1.jpeg 1600w\" sizes=\"auto, (max-width: 549px) 100vw, 549px\" \/><\/p>\n<p><strong>O ponto alto do evento aconteceu durante o discurso do prefeito Rodrigo, quando ele convidou Zez\u00e9 Hagge, esposa do pr\u00e9-candidato Eduardo, para se postar ao seu lado, demonstrando que o seu apoio ao Tioz\u00e3o \u00e9 incondicional e inabal\u00e1vel e que a fam\u00edlia continua unida.<\/strong><\/p>\n<p><strong>Antes disso, Rodrigo, Eduardo e Zez\u00e9 Hagge j\u00e1 haviam posado para as lentes atentas do <em>Sudoeste Hoje<\/em>, que fez a cobertura completa do evento.<\/strong><\/p>\n<p><strong>O recado foi dado para quem tiver ju\u00edzo e intelig\u00eancia pol\u00edtica, seja opositor ou coligado.\u00a0<\/strong><\/p>\n<p><strong>Por Davi Ferraz<\/strong><\/p>\n","protected":false},"excerpt":{"rendered":"<p>Ca\u00edram por terra todas as especula\u00e7\u00f5es da oposi\u00e7\u00e3o sobre um suposto racha na c\u00fapula do MDB de Itapetinga, fato que, segundo as m\u00e1s l\u00ednguas, poderia amea\u00e7ar a perman\u00eancia da pr\u00e9-candidatura de Eduardo Hagge a prefeito do munic\u00edpio, pelo MDB. Contrariando essas especula\u00e7\u00f5es, a uni\u00e3o da c\u00fapula emedebista ficou demonstrada, de forma inequ\u00edvoca, durante o evento [&hellip;]<\/p>\n","protected":false},"author":2,"featured_media":117312,"comment_status":"closed","ping_status":"open","sticky":false,"template":"","format":"standard","meta":{"footnotes":"","_links_to":"","_links_to_target":""},"categories":[1],"tags":[],"class_list":["post-117308","post","type-post","status-publish","format-standard","has-post-thumbnail","hentry","category-geral"],"views":1640,"_links":{"self":[{"href":"https:\/\/www.sudoestehoje.com.br\/novoportal\/wp-json\/wp\/v2\/posts\/117308","targetHints":{"allow":["GET"]}}],"collection":[{"href":"https:\/\/www.sudoestehoje.com.br\/novoportal\/wp-json\/wp\/v2\/posts"}],"about":[{"href":"https:\/\/www.sudoestehoje.com.br\/novoportal\/wp-json\/wp\/v2\/types\/post"}],"author":[{"embeddable":true,"href":"https:\/\/www.sudoestehoje.com.br\/novoportal\/wp-json\/wp\/v2\/users\/2"}],"replies":[{"embeddable":true,"href":"https:\/\/www.sudoestehoje.com.br\/novoportal\/wp-json\/wp\/v2\/comments?post=117308"}],"version-history":[{"count":4,"href":"https:\/\/www.sudoestehoje.com.br\/novoportal\/wp-json\/wp\/v2\/posts\/117308\/revisions"}],"predecessor-version":[{"id":117315,"href":"https:\/\/www.sudoestehoje.com.br\/novoportal\/wp-json\/wp\/v2\/posts\/117308\/revisions\/117315"}],"wp:featuredmedia":[{"embeddable":true,"href":"https:\/\/www.sudoestehoje.com.br\/novoportal\/wp-json\/wp\/v2\/media\/117312"}],"wp:attachment":[{"href":"https:\/\/www.sudoestehoje.com.br\/novoportal\/wp-json\/wp\/v2\/media?parent=117308"}],"wp:term":[{"taxonomy":"category","embeddable":true,"href":"https:\/\/www.sudoestehoje.com.br\/novoportal\/wp-json\/wp\/v2\/categories?post=117308"},{"taxonomy":"post_tag","embeddable":true,"href":"https:\/\/www.sudoestehoje.com.br\/novoportal\/wp-json\/wp\/v2\/tags?post=117308"}],"curies":[{"name":"wp","href":"https:\/\/api.w.org\/{rel}","templated":true}]}}